{"id":937,"date":"2020-10-19T20:41:24","date_gmt":"2020-10-19T18:41:24","guid":{"rendered":"https:\/\/meudonecologiecitoyenne.fr\/?p=937"},"modified":"2020-10-19T20:45:14","modified_gmt":"2020-10-19T18:45:14","slug":"hommage-a-samuel-paty","status":"publish","type":"post","link":"https:\/\/meudonecologiecitoyenne.fr\/?p=937","title":{"rendered":"Hommage \u00e0 Samuel Paty"},"content":{"rendered":"<p>A paraitre dans le chloroville de novembre 2020:<\/p>\n<p>Cette tribune, r\u00e9dig\u00e9e le lendemain de l\u2019assassinat de Samuel Paty, est faite de deuil et de douleur. Nos premi\u00e8res pens\u00e9es vont \u00e0 la famille de ce professeur, \u00e0 ses ami.e.s et \u00e0 ses coll\u00e8gues, \u00e0 qui nous adressons nos condol\u00e9ances. Nous pensons plus largement \u00e0 l\u2019ensemble de la communaut\u00e9 \u00e9ducative touch\u00e9e dans sa chair par cet acte atroce.<\/p>\n<p>Mais l\u2019\u00e9motion ne peut suffire ; et la haine bien s\u00fbr ne doit pas triompher. La raison et l\u2019action doivent suivre, pour que vive cette \u00e9cole qui accueille et instruit tous les enfants, de toutes les origines, de toutes les nationalit\u00e9s, de toutes les confessions dans le respect de chacune et de chacun. Cette \u00e9cole qui instruit et qui , \u00e0 travers ses enseignements, transmet les valeurs de la R\u00e9publique, parmi lesquelles la libert\u00e9 d\u2019expression. Cet attentat nous rappelle combien l\u2019\u00e9cole est un bien pr\u00e9cieux, un service public plus qu\u2019essentiel, le lieu d\u2019\u00e9panouissement de nos enfants, celui de la fabrique de citoyennes et de citoyens libres et \u00e9clair\u00e9s, le fondement de notre d\u00e9mocratie bas\u00e9 sur le d\u00e9bat et la controverse.<\/p>\n<p>Ce bien pr\u00e9cieux, il nous appartient plus que jamais de le prot\u00e9ger. Il est temps d\u2019offrir \u00e0 notre \u00e9cole les moyens de ses missions et d\u2019offrir \u00e0 nos enseignantes et \u00e0 nos enseignants la consid\u00e9ration et la protection m\u00e9rit\u00e9es.<\/p>\n<p>Condol\u00e9ances et solidarit\u00e9 avec les proches de Samuel Paty et l\u2019ensemble du personnel de l\u2019\u00e9ducation nationale.<\/p>\n<p>Les \u00e9lu.e.s de Meudon \u00e9cologie Citoyenne<\/p>\n","protected":false},"excerpt":{"rendered":"<p>A paraitre dans le chloroville de novembre 2020: Cette tribune, r\u00e9dig\u00e9e le lendemain de l\u2019assassinat de Samuel Paty, est faite de deuil et de douleur. Nos premi\u00e8res pens\u00e9es vont \u00e0 la famille de ce professeur, \u00e0 ses ami.e.s et \u00e0 ses coll\u00e8gues, \u00e0 qui nous adressons nos condol\u00e9ances. Nous pensons [&hellip;]<\/p>\n","protected":false},"author":1,"featured_media":0,"comment_status":"closed","ping_status":"open","sticky":false,"template":"","format":"standard","meta":{"_themeisle_gutenberg_block_has_review":false,"footnotes":""},"categories":[23],"tags":[53,69,70,29],"class_list":["post-937","post","type-post","status-publish","format-standard","hentry","category-communiques","tag-chloroville","tag-ecole","tag-liberte","tag-meudon"],"jetpack_featured_media_url":"","_links":{"self":[{"href":"https:\/\/meudonecologiecitoyenne.fr\/index.php?rest_route=\/wp\/v2\/posts\/937","targetHints":{"allow":["GET"]}}],"collection":[{"href":"https:\/\/meudonecologiecitoyenne.fr\/index.php?rest_route=\/wp\/v2\/posts"}],"about":[{"href":"https:\/\/meudonecologiecitoyenne.fr\/index.php?rest_route=\/wp\/v2\/types\/post"}],"author":[{"embeddable":true,"href":"https:\/\/meudonecologiecitoyenne.fr\/index.php?rest_route=\/wp\/v2\/users\/1"}],"replies":[{"embeddable":true,"href":"https:\/\/meudonecologiecitoyenne.fr\/index.php?rest_route=%2Fwp%2Fv2%2Fcomments&post=937"}],"version-history":[{"count":3,"href":"https:\/\/meudonecologiecitoyenne.fr\/index.php?rest_route=\/wp\/v2\/posts\/937\/revisions"}],"predecessor-version":[{"id":940,"href":"https:\/\/meudonecologiecitoyenne.fr\/index.php?rest_route=\/wp\/v2\/posts\/937\/revisions\/940"}],"wp:attachment":[{"href":"https:\/\/meudonecologiecitoyenne.fr\/index.php?rest_route=%2Fwp%2Fv2%2Fmedia&parent=937"}],"wp:term":[{"taxonomy":"category","embeddable":true,"href":"https:\/\/meudonecologiecitoyenne.fr\/index.php?rest_route=%2Fwp%2Fv2%2Fcategories&post=937"},{"taxonomy":"post_tag","embeddable":true,"href":"https:\/\/meudonecologiecitoyenne.fr\/index.php?rest_route=%2Fwp%2Fv2%2Ftags&post=937"}],"curies":[{"name":"wp","href":"https:\/\/api.w.org\/{rel}","templated":true}]}}