{"id":1426,"date":"2025-04-14T17:21:38","date_gmt":"2025-04-14T15:21:38","guid":{"rendered":"https:\/\/meudonecologiecitoyenne.fr\/?p=1426"},"modified":"2025-04-15T13:52:42","modified_gmt":"2025-04-15T11:52:42","slug":"conseil-municipal-de-meudon-davril-2025","status":"publish","type":"post","link":"https:\/\/meudonecologiecitoyenne.fr\/?p=1426","title":{"rendered":"Conseil municipal de Meudon d&#8217;avril 2025: nos questions"},"content":{"rendered":"<p>Les questions pos\u00e9es par les \u00e9lus de Meudon \u00e9cologie citoyenne lors de la s\u00e9ance du conseil municipal d&#8217;avril 2025.<\/p>\n<h3><span>Question 1 portant sur le comit\u00e9 de pilotage de l&#8217;am\u00e9nagement du site de l&#8217;ONERA<\/span><\/h3>\n<p><span>Le 31 mai 2023, le conseil municipal avait donn\u00e9 son accord \u00e0 la signature d&#8217;un protocole sur le comit\u00e9 de pilotage de l&#8217;am\u00e9nagement du site de l&#8217;ONERA, qui devait comprendre Grand Paris Am\u00e9nagement, GPSO et la ville de Meudon. Pourquoi la Ville ne l&#8217;a t-elle pas sign\u00e9 ? Comment la Ville d\u00e9sormais compte-t-elle d\u00e9sormais peser sur les d\u00e9cisions prises au sujet de ce site ? En fait, la Ville ne cherche t-elle pas \u00e0 se d\u00e9fausser de la responsabilit\u00e9 d&#8217;un \u00e9ventuel projet rejet\u00e9 par la population sur l&#8217;Etat et ses repr\u00e9sentants ?<\/span><\/p>\n<h3><\/h3>\n<h3><span>Question 2 portant sur le nombre de logements souhait\u00e9 par la Ville sur le site de l&#8217;Onera :<\/span><span><br \/>\n<\/span><\/h3>\n<p><span>GPA (Grand Paris Am\u00e9nagement) ma\u00eetre d&#8217;ouvrage du projet du site de l&#8217;ONERA a annonc\u00e9 600 logements lors de la r\u00e9union de fin de concertation du 7 octobre 2024. Le maire a sembl\u00e9 alors soutenir le projet de GPA. Depuis, le maire est revenu sur son soutien notamment lors de la r\u00e9union du CSSM le 11 f\u00e9vrier 2025. Mais les Meudonnais et les Meudonnaises ne connaissent toujours pas le nombre de logements que la Ville souhaite. Quelle est r\u00e9ellement la position de la Ville ?<\/span><\/p>\n<h3><span>\u00a0<\/span><\/h3>\n<h3><span>Question 3 sur les r\u00e9sultats de l&#8217;appel \u00e0 projet de la grande soufflerie de Chalais\u00a0<\/span><\/h3>\n<p>&nbsp;<\/p>\n<p><span>Nous nous interrogeons sur les r\u00e9sultats de l&#8217;appel \u00e0 projets sur la grande soufflerie de Chalais.<\/span><\/p>\n<p><span>Le maire pourrait-il pr\u00e9senter le choix du jury et la position de la ville sur ce projet concernant des b\u00e2timents prot\u00e9g\u00e9s au titre des monuments historiques ?<\/span><span>\u00a0<\/span><\/p>\n<h3><span>Question 4 portant sur le march\u00e9 de Bellevue : Louis<\/span><\/h3>\n<p><span>Au del\u00e0 du chantier en cours d\u00e9gradant Bellevue, notre question porte sur le march\u00e9 de Bellevue. <\/span><span>Le maire avait parl\u00e9 un moment de son d\u00e9placement sur les terrains de Wacquant et du CNRS le long des b\u00e2timents Vinci et Kaufman et Broad. Ce d\u00e9placement du march\u00e9 est-il toujours d&#8217;actualit\u00e9 ? Et si votre r\u00e9ponse est oui, allez-vous construire<\/span><span> un immeuble <\/span><span>\u00a0\u00e0 la place du march\u00e9 un immeuble ?<\/span><\/p>\n<p>&nbsp;<\/p>\n<h3><span>Question 5 : Fonds de dotation de Meudon<\/span><span><br \/>\n<\/span><\/h3>\n<p>&nbsp;<\/p>\n<p><span>La ville de Meudon, en 2023, a vot\u00e9 la cr\u00e9ation d&#8217;un fonds de dotation en partenariat avec des entreprises locales dont le Hangar Y.\u00a0<\/span><\/p>\n<p><span>Pourriez vous nous indiquer quelles actions ont \u00e9t\u00e9 entreprises et pour quels montants?<\/span><\/p>\n<p>&nbsp;<\/p>\n<h3><span>Question 6 : Loyers des logements de Meudon<\/span><span> <\/span><\/h3>\n<p><span>La cour des comptes avait critiqu\u00e9 Meudon en 2020 en raison des loyers tr\u00e8s <\/span><span>inf\u00e9rieurs<\/span><span> \u00e0 50 % de la valeur locative r\u00e9elle pr\u00e9vue par les textes. Elle relevait que la ville \u201cs\u2019est priv\u00e9e de recettes substantielles sans justification\u201d. La cour de compte ajoutait que \u201cCette pratique s\u2019apparente plus \u00e0 un avantage en nature irr\u00e9gulier \u00e0 certains agents, qui devrait \u00eatre valoris\u00e9 sur la fiche de paie, qu\u2019\u00e0 de la bonne gestion d\u2019un patrimoine immobilier.\u201d<\/span><\/p>\n<p><span>Il <\/span><span>sembles <\/span><span>que la pratique de la ville ait \u00e9t\u00e9 de d\u00e9clarer comme v\u00e9tuste nombre de ces logements pour continuer \u00e0 pratiquer une d\u00e9cote. Ou \u00e0 d\u00e9faut de louer des logements v\u00e9tustes, ce qui nous semble pire.<\/span><\/p>\n<p>&nbsp;<\/p>\n<p><span>Pourriez vous nous indiquer aujourd&#8217;hui le prix moyen du m2 par mois pour ces logements?<\/span><\/p>\n<p><span>Pourriez vous nous indiquer la part de logements toujours indiqu\u00e9s comme v\u00e9tustes ou en passoires thermiques?\u00a0<\/span><\/p>\n<p>&nbsp;<\/p>\n<h3><span>Question 7 : Accessibilit\u00e9 des \u00e9coles<\/span> de Meudon<\/h3>\n<p><span>Le Maire mes ch\u00e8r.e.s coll\u00e8gues<\/span><\/p>\n<p><span>Notre question <\/span><span>portepour<\/span><span> sur l\u2019accessibilit\u00e9 pour les parents des \u00e9coles de Meudon. Si l\u2019on souhaite aller dans le sens de notre pr\u00e9sident parlant de r\u00e9armement d\u00e9mographique il faut faciliter la vie des parents, en particulier quand ils doivent d\u00e9poser leur enfant avant d\u2019aller au travail.\u00a0<\/span><\/p>\n<ul>\n<li aria-level=\"1\"><span>Qu\u2019avez vous pr\u00e9vu pour permettre \u00e0 l\u2019ensemble des \u00e9coles d\u2019avoir des parking v\u00e9lo accessibles (probl\u00e8me dans certaines \u00e9coles d\u2019un parking v\u00e9lo \u00e0 un endroit inaccessible pour une parties des \u00e9l\u00e8ves et inaccessible \u00e0 certains horaires de sortie)<\/span><\/li>\n<li aria-level=\"1\"><span>A certains endroits des parkings sont disponibles mais leur accessibilit\u00e9 est variable. Qu\u2019avez vous pr\u00e9vu pour faciliter le parking temporaires des parents (zone bleue, parking Doisneau)<\/span><\/li>\n<\/ul>\n<ul><\/ul>\n","protected":false},"excerpt":{"rendered":"<p>Les questions pos\u00e9es par les \u00e9lus de Meudon \u00e9cologie citoyenne lors de la s\u00e9ance du conseil municipal d&#8217;avril 2025. Question 1 portant sur le comit\u00e9 de pilotage de l&#8217;am\u00e9nagement du site de l&#8217;ONERA Le 31 mai 2023, le conseil municipal avait donn\u00e9 son accord \u00e0 la signature d&#8217;un protocole sur [&hellip;]<\/p>\n","protected":false},"author":1,"featured_media":1396,"comment_status":"closed","ping_status":"open","sticky":false,"template":"","format":"standard","meta":{"_themeisle_gutenberg_block_has_review":false,"footnotes":""},"categories":[57],"tags":[],"class_list":["post-1426","post","type-post","status-publish","format-standard","has-post-thumbnail","hentry","category-conseil-municipal"],"jetpack_featured_media_url":"https:\/\/meudonecologiecitoyenne.fr\/wp-content\/uploads\/2024\/10\/mika-baumeister-K76Drn2egyQ-unsplash.jpg","_links":{"self":[{"href":"https:\/\/meudonecologiecitoyenne.fr\/index.php?rest_route=\/wp\/v2\/posts\/1426","targetHints":{"allow":["GET"]}}],"collection":[{"href":"https:\/\/meudonecologiecitoyenne.fr\/index.php?rest_route=\/wp\/v2\/posts"}],"about":[{"href":"https:\/\/meudonecologiecitoyenne.fr\/index.php?rest_route=\/wp\/v2\/types\/post"}],"author":[{"embeddable":true,"href":"https:\/\/meudonecologiecitoyenne.fr\/index.php?rest_route=\/wp\/v2\/users\/1"}],"replies":[{"embeddable":true,"href":"https:\/\/meudonecologiecitoyenne.fr\/index.php?rest_route=%2Fwp%2Fv2%2Fcomments&post=1426"}],"version-history":[{"count":4,"href":"https:\/\/meudonecologiecitoyenne.fr\/index.php?rest_route=\/wp\/v2\/posts\/1426\/revisions"}],"predecessor-version":[{"id":1430,"href":"https:\/\/meudonecologiecitoyenne.fr\/index.php?rest_route=\/wp\/v2\/posts\/1426\/revisions\/1430"}],"wp:featuredmedia":[{"embeddable":true,"href":"https:\/\/meudonecologiecitoyenne.fr\/index.php?rest_route=\/wp\/v2\/media\/1396"}],"wp:attachment":[{"href":"https:\/\/meudonecologiecitoyenne.fr\/index.php?rest_route=%2Fwp%2Fv2%2Fmedia&parent=1426"}],"wp:term":[{"taxonomy":"category","embeddable":true,"href":"https:\/\/meudonecologiecitoyenne.fr\/index.php?rest_route=%2Fwp%2Fv2%2Fcategories&post=1426"},{"taxonomy":"post_tag","embeddable":true,"href":"https:\/\/meudonecologiecitoyenne.fr\/index.php?rest_route=%2Fwp%2Fv2%2Ftags&post=1426"}],"curies":[{"name":"wp","href":"https:\/\/api.w.org\/{rel}","templated":true}]}}