{"id":1409,"date":"2024-12-16T15:23:25","date_gmt":"2024-12-16T14:23:25","guid":{"rendered":"https:\/\/meudonecologiecitoyenne.fr\/?p=1409"},"modified":"2025-02-05T12:55:43","modified_gmt":"2025-02-05T11:55:43","slug":"scandale-du-periscolaire-a-meudon","status":"publish","type":"post","link":"https:\/\/meudonecologiecitoyenne.fr\/?p=1409","title":{"rendered":"Scandale du p\u00e9riscolaire \u00e0 Meudon"},"content":{"rendered":"<p>Le 8 f\u00e9vrier 2024, le conseil municipal a vot\u00e9 un nouveau r\u00e8glement int\u00e9rieur relatif \u00e0 la vie \u00e9ducative, fixant les modalit\u00e9s de calcul des tarifs du p\u00e9riscolaire (restauration scolaire, accueil de loisirs, stages\u2026) et actant son assise sur le revenu fiscal de r\u00e9f\u00e9rence du foyer.<\/p>\n<p>Pourtant, en novembre, la municipalit\u00e9 a inform\u00e9 les familles qu&#8217;elle ne prenait toujours pas le revenu fiscal de r\u00e9f\u00e9rence comme base de calcul, mais les ressources nettes, conform\u00e9ment au r\u00e8glement de 2021 et non \u00e0 celui vot\u00e9 en 2024. Les ressources nettes imposables comprenant, entre autres, traitements et salaires avant abattements fiscaux, pensions, alimentaires re\u00e7ues avant abattement, allocations ch\u00f4mage, heures suppl\u00e9mentaires exon\u00e9r\u00e9es d&#8217;imp\u00f4t, ceci repr\u00e9sente une hausse de 10% de l\u2019assiette de calcul de ces tarifs. Ainsi, depuis mars 2024, les familles ayant un revenu mensuel compris entre 765\u20ac et 8\u00a0365\u20ac ont pay\u00e9 plusieurs centaines d\u2019euros en moyenne en plus de ce qui \u00e9tait pr\u00e9vu par le r\u00e8glement vot\u00e9 en 2024, qui n\u2019a pas \u00e9t\u00e9 appliqu\u00e9.<\/p>\n<p>Cette non-application r\u00e9sulterait selon la mairie d\u2019une erreur mat\u00e9rielle, qui se serait gliss\u00e9e dans le texte, alors que 2 paragraphes ont \u00e9t\u00e9 int\u00e9gralement modifi\u00e9s entre les r\u00e8glements vot\u00e9s en 2021 et en 2024. La mairie a enjoint les parents d\u2019\u00e9l\u00e8ves m\u00e9contents de porter l\u2019affaire en justice. Les familles n\u2019auraient-elles d\u2019autre choix que de payer ou d\u2019aller devant les tribunaux ?<\/p>\n<p>Lors du conseil municipal, nous avons exig\u00e9 le remboursement imm\u00e9diat du trop-per\u00e7u depuis mars 2024. Nous le r\u00e9it\u00e9rons et demandons d\u2019appliquer la m\u00e9thode de calcul vot\u00e9e en f\u00e9vrier\u00a0; le surco\u00fbt induit ne d\u00e9stabilisant pas les finances communales.<\/p>\n<p>Nous refusons un nouveau vote du r\u00e8glement int\u00e9rieur validant la base des ressources nettes plut\u00f4t que du revenu fiscal de r\u00e9f\u00e9rence pourtant adopt\u00e9 par de nombreuses communes, car plus \u00e9quitable.<\/p>\n<p>&nbsp;<\/p>\n<p>Signature\u00a0: Listes Meudon \u00c9cologie Citoyenne et Justice Sociale et \u00c9cologique<\/p>\n","protected":false},"excerpt":{"rendered":"<p>Le 8 f\u00e9vrier 2024, le conseil municipal a vot\u00e9 un nouveau r\u00e8glement int\u00e9rieur relatif \u00e0 la vie \u00e9ducative, fixant les modalit\u00e9s de calcul des tarifs du p\u00e9riscolaire (restauration scolaire, accueil de loisirs, stages\u2026) et actant son assise sur le revenu fiscal de r\u00e9f\u00e9rence du foyer. Pourtant, en novembre, la municipalit\u00e9 [&hellip;]<\/p>\n","protected":false},"author":1,"featured_media":1304,"comment_status":"closed","ping_status":"open","sticky":false,"template":"","format":"standard","meta":{"_themeisle_gutenberg_block_has_review":false,"footnotes":""},"categories":[23],"tags":[69,84],"class_list":["post-1409","post","type-post","status-publish","format-standard","has-post-thumbnail","hentry","category-communiques","tag-ecole","tag-periscolaire"],"jetpack_featured_media_url":"https:\/\/meudonecologiecitoyenne.fr\/wp-content\/uploads\/2023\/10\/senjuti-kundu-JfolIjRnveY-unsplash.jpg","_links":{"self":[{"href":"https:\/\/meudonecologiecitoyenne.fr\/index.php?rest_route=\/wp\/v2\/posts\/1409","targetHints":{"allow":["GET"]}}],"collection":[{"href":"https:\/\/meudonecologiecitoyenne.fr\/index.php?rest_route=\/wp\/v2\/posts"}],"about":[{"href":"https:\/\/meudonecologiecitoyenne.fr\/index.php?rest_route=\/wp\/v2\/types\/post"}],"author":[{"embeddable":true,"href":"https:\/\/meudonecologiecitoyenne.fr\/index.php?rest_route=\/wp\/v2\/users\/1"}],"replies":[{"embeddable":true,"href":"https:\/\/meudonecologiecitoyenne.fr\/index.php?rest_route=%2Fwp%2Fv2%2Fcomments&post=1409"}],"version-history":[{"count":2,"href":"https:\/\/meudonecologiecitoyenne.fr\/index.php?rest_route=\/wp\/v2\/posts\/1409\/revisions"}],"predecessor-version":[{"id":1416,"href":"https:\/\/meudonecologiecitoyenne.fr\/index.php?rest_route=\/wp\/v2\/posts\/1409\/revisions\/1416"}],"wp:featuredmedia":[{"embeddable":true,"href":"https:\/\/meudonecologiecitoyenne.fr\/index.php?rest_route=\/wp\/v2\/media\/1304"}],"wp:attachment":[{"href":"https:\/\/meudonecologiecitoyenne.fr\/index.php?rest_route=%2Fwp%2Fv2%2Fmedia&parent=1409"}],"wp:term":[{"taxonomy":"category","embeddable":true,"href":"https:\/\/meudonecologiecitoyenne.fr\/index.php?rest_route=%2Fwp%2Fv2%2Fcategories&post=1409"},{"taxonomy":"post_tag","embeddable":true,"href":"https:\/\/meudonecologiecitoyenne.fr\/index.php?rest_route=%2Fwp%2Fv2%2Ftags&post=1409"}],"curies":[{"name":"wp","href":"https:\/\/api.w.org\/{rel}","templated":true}]}}