{"id":1392,"date":"2024-10-16T15:26:56","date_gmt":"2024-10-16T13:26:56","guid":{"rendered":"https:\/\/meudonecologiecitoyenne.fr\/?p=1392"},"modified":"2024-10-16T15:32:00","modified_gmt":"2024-10-16T13:32:00","slug":"conseil-municipal-doctobre-2024","status":"publish","type":"post","link":"https:\/\/meudonecologiecitoyenne.fr\/?p=1392","title":{"rendered":"Conseil municipal de Meudon du 10 octobre 2024"},"content":{"rendered":"<p><span>Questions pos\u00e9es par les \u00e9lus de Meudon \u00e9cologie citoyenne.<br \/>\n<\/span><\/p>\n<h3><span>Question 1 :\u00a0 Sur les st\u00e9r\u00e9otypes v\u00e9hicul\u00e9 par la couverture du Chloroville d\u2019Octobre<\/span><\/h3>\n<p><span>Monsieur le Maire, mes ch\u00e8r.e.s coll\u00e8gues,<\/span><\/p>\n<p><span>La mairie se f\u00e9licite des bons indicateurs concernant l\u2019\u00e9galit\u00e9 salariale homme femme dans nos services, tout en indiquant que pour avoir les indicateurs \u00e0 100% il faut faire \u00e9voluer la soci\u00e9t\u00e9. Par cette question, nous souhaitons interroger notre volont\u00e9 \u00e0 faire progresser la soci\u00e9t\u00e9 vers l\u2019\u00e9radication des st\u00e9r\u00e9otypes raciaux comme de genre.<\/span><\/p>\n<p><span>Sachant la grande diffusion du Chloroville, on ne peut n\u00e9gliger l\u2019impact des couvertures choisies. Apr\u00e8s avoir directement \u00e9t\u00e9 interpel\u00e9s \u00e0 la r\u00e9ception du dernier chloroville, une personne racis\u00e9e nous fait remonter sa propre stupeur dont je souhaite r\u00e9p\u00e9ter les termes \u201cune bourgeoise blanche et sa nounou noire, on n\u2019est pas loin du \u201cya bon banania\u201d. Ceci est un exemple parmi de nombreuses autres r\u00e9actions que cette couverture a sollicit\u00e9es. Cette couverture rassemble \u00e0 elle seule deux clich\u00e9s dont il est temps de se d\u00e9barrasser. Les nounous hommes sont peut-\u00eatre rares \u00e0 Meudon, mais il est certain que les personnes racis\u00e9es ne sont pas les seules \u00e0 exercer le m\u00e9tier d\u2019assistant.es maternel.les. Ainsi, il est important et n\u00e9cessaire que la mairie se saisisse de chaque occasion qui lui est pr\u00e9sent\u00e9e pour d\u00e9construire ces st\u00e9r\u00e9otypes.\u00a0 Est-ce possible d\u2019y \u00eatre vigilant \u00e0 l\u2019avenir pour ne froisser aucun de nos concitoyens et concitoyennes subissant ou luttant d\u00e9j\u00e0 quotidiennement contre les st\u00e9r\u00e9otypes.\u00a0<\/span><\/p>\n<p>&nbsp;<\/p>\n<h3><span>Question 2 : Sur la Croix-rouge<\/span><\/h3>\n<p><span>Monsieur le Maire, cher.es coll\u00e8gues,<\/span><\/p>\n<p><span>Nous avions \u00e9mis un v\u0153u lors du pr\u00e9c\u00e9dent conseil municipal sur l\u2019avenir du centre de sant\u00e9 de la Croix-rouge. Vous aviez en r\u00e9ponse expliqu\u00e9 la vigilance port\u00e9e par la ville \u00e0 ce centre et \u00e0 la p\u00e9rennit\u00e9 du suivi de ses patient.es. Vous aviez \u00e9galement affirm\u00e9 que des m\u00e9decins g\u00e9n\u00e9ralistes conventionn\u00e9s secteur 1 seraient install\u00e9s dans ces locaux dont la ville demeure propri\u00e9taire.<\/span><\/p>\n<p><span>Plusieurs mois plus tard, cet espace est toujours ferm\u00e9 et de nombreux usage.r.es de ce centre sont laiss\u00e9.e.s pour compte et priv\u00e9s de leur suivi m\u00e9dical, en particulier en orthodontie. Vous aviez lors de votre r\u00e9ponse pr\u00e9cis\u00e9 ne pas disposer d\u2019un calendrier clair, emp\u00eachant de projeter une \u00e9ch\u00e9ance.\u00a0<\/span><\/p>\n<p><span>Avez-vous des nouvelles quant \u00e0 ce calendrier, quand est-ce que les locaux seront disponibles et r\u00e9investis ? Quelles sont les possibilit\u00e9s pour les usager.e.s de ce centre en attendant que le relai soit assur\u00e9 ?<\/span><\/p>\n<p>&nbsp;<\/p>\n<h3><span>Question 3 : Poubelles et limitation de la population de surmulots<\/span><\/h3>\n<p><span>\u00a0<\/span><span>Monsieur le Maire, mes cher.e.s coll\u00e8gues,<\/span><\/p>\n<p><span>Alors que nous ayons soulev\u00e9 lors de la derni\u00e8re campagne des municipales\u00a0 le manque d\u2019espace m\u00e9gots accol\u00e9 aux poubelles municipales nous n\u2019avons re\u00e7u de votre part que raillerie et pour seule excuse que des poubelles sp\u00e9ciales m\u00e9gots \u00e9taient faites pour cela et qu\u2019il y existe des poubelles de poche .<\/span><\/p>\n<p><span>\u00a0Meudon s\u2019est in fine dot\u00e9 de poubelles incitant \u00e0 ne plus jeter son m\u00e9got par terre. H\u00e9las, lors de ce choix, un fl\u00e9au fut oubli\u00e9, celui d\u2019emp\u00eacher les oiseaux, et surmulots, que vous pr\u00e9f\u00e9rez appeler rats gris, d\u2019acc\u00e9der aux sacs poubelles dans lesquels trop souvent de la nourriture est jet\u00e9e.<\/span><\/p>\n<p><span>\u00a0La photo \u00e0 l\u2019appui de cette question montre \u00e0 quel point il est facile pour les animaux d\u2019aller percer le sac, manger, et de ruiner les efforts de la ville pour lutter contre leur surpopulation. Ces rongeurs \u00e9tant une esp\u00e8ce autor\u00e9gulatrice, nous rappelons que pour lutter contre leur prolif\u00e9ration, il est bien plus efficace de limiter leur acc\u00e8s \u00e0 la nourriture et donc id\u00e9alement limiter \u00e9galement la prolif\u00e9ration de nos d\u00e9chets plut\u00f4t que de d\u00e9penser de l\u2019argent dans des op\u00e9rations de d\u00e9ratisations qui ne font que d\u00e9layer la question dans le temps.\u00a0<\/span><\/p>\n<p><span>Pouvez vous s\u2019il vous pla\u00eet envisager des poubelles pour r\u00e9soudre ce probl\u00e8me ? Ceci bien s\u00fbr en pensant \u00e0 une deuxi\u00e8me vie pour les poubelles actuelles dans des endroits o\u00f9 ce risque n\u2019existe pas.\u00a0<\/span><\/p>\n<p>&nbsp;<\/p>\n<h3><span>Question 4 : Repair caf\u00e9 et Fablab<\/span><\/h3>\n<p><span>\u00a0<\/span><span>Monsieur le Maire, mes cher.e.s coll\u00e8gues,<\/span><\/p>\n<p><span>Sachant l&#8217;engouement obtenu lors du budget participatif ayant institu\u00e9 le repair caf\u00e9 et l\u2019id\u00e9e d\u2019un fablab \u201coutil\u201d \u00e0 Meudon, sachant que la mise en \u0153uvre du repair cafe depuis 2 ans est tr\u00e8s satisfaisante, sachant que la recherche de locaux d\u00e9di\u00e9 \u00e0 une dynamique de tiers-lieux r\u00e9paration\/ateliers bois n&#8217;a pas pu aboutir, qu\u2019est il envisag\u00e9 \u00e0 l&#8217;\u00e9chelle de la ville pour aller plus loin ? Pour qu\u2019un \u00e9quivalent puisse \u00e0 l\u2019avenir voir le jour \u00e0 Meudon bas, et pour que les Meudonnais s\u2019habituent vraiment \u00e0 r\u00e9parer le mat\u00e9riel plut\u00f4t que de le jeter et le remplacer ?<\/span><\/p>\n<p><span>En outre, concernant l\u2019\u00e9cole du num\u00e9rique et le fablab num\u00e9rique, quel sont leur budget et quelles sont les actions men\u00e9es ? Combien d\u2019ateliers se sont tenus ces 12 derniers mois pour l\u2019un et l\u2019autre ?<\/span><\/p>\n<p>&nbsp;<\/p>\n<h3><span>Question 5 : Implication de la mairie dans la vie des \u00e9tablissements scolaire \/ participation aux conseils d&#8217;administration des coll\u00e8ges<\/span><\/h3>\n<p><span>\u00a0<\/span><span>Monsieur le Maire, mes cher.e.s coll\u00e8gues,<\/span><\/p>\n<p><span>Le coll\u00e8ge de Meudon la For\u00eat \u201cArmande B\u00e9jart\u201d n&#8217;est jamais honor\u00e9 de la pr\u00e9sence de repr\u00e9sentants de la mairie au conseil d\u2019administration (qui peuvent \u00eatre au nombre de deux). Il y a pourtant de vrais probl\u00e8mes \u00e0 Meudon la For\u00eat et la venue en r\u00e9union de rentr\u00e9e d\u2019un commissaire de police ne peut pas \u00eatre la seule r\u00e9ponse. De nombreux jeunes sont en danger de d\u00e9crochage (nombreux jours d&#8217;absence non justifi\u00e9es, class\u00e9s sans suite, nombreuses commissions de disciplines, \u2026). Nous ne parlons m\u00eame pas de la rentr\u00e9e faite sans assistante sociale et sans m\u00e9diateur !!\u00a0<\/span><\/p>\n<p><span>De fait, cela nous am\u00e8ne \u00e0 formuler deux demandes :\u00a0<\/span><\/p>\n<p><span>1\/ Consid\u00e9rant qu&#8217;un jeune en difficult\u00e9 est un jeune en danger, ce sujet concerne largement tout le quartier de Meudon La For\u00eat et justifierait une pr\u00e9sence assidue des repr\u00e9sentants de la Mairie aux CA (cette derni\u00e8re est pr\u00e9sente d&#8217;ailleurs plus souvent dans les CA des deux autres coll\u00e8ges de Meudon).\u00a0\u00a0<\/span><\/p>\n<p><span>2\/ Ensuite, il devient urgent que ce coll\u00e8ge puisse \u00eatre dot\u00e9 de meilleurs moyens, et au vu des difficult\u00e9s sociales qu&#8217;il rencontre, pourriez-vous ouvertement contribuer \u00e0 un classement REP+ du quartier ?<\/span><\/p>\n<p><span>Nos demandes ne visent aucunement \u00e0 cr\u00e9er des pol\u00e9miques inutiles. Le quartier de Meudon La for\u00eat, ses jeunes m\u00e9ritent que l&#8217;on s&#8217;occupe de leur avenir, qu&#8217;on leur donne le droit \u00e0 l&#8217;ambition. N&#8217;oublions pas qu&#8217;il en va de notre responsabilit\u00e9 collective ! A moins de souhaiter laisser ces jeunes en difficult\u00e9s se faire r\u00e9cup\u00e9rer par les bandes et trafics en tout genre.<\/span><\/p>\n<p>&nbsp;<\/p>\n<h3><span>Question 6 Des \u00e9coles qui voient leur condition se d\u00e9grader \u00e0 Meudon la foret<\/span><\/h3>\n<p><span>Monsieur le maire, mes cher.e.s coll\u00e8gues,<\/span><\/p>\n<p>&nbsp;<\/p>\n<p><span>Avec l\u2019\u00e9coquartier, les effectifs sont de plus en plus \u00e9lev\u00e9s. Des travaux tardent \u00e0 \u00eatre effectu\u00e9s et les \u00e9coles manque de visibilit\u00e9 concernant leur programmation. Ceux travaillant dans ces \u00e9coles remontent des probl\u00e8mes de confort thermique, de moisissure et de simples citoyens s\u2019\u00e9tonnent de l\u2019aspect ext\u00e9rieur de barri\u00e8res rouill\u00e9es depuis plusieurs ann\u00e9es et dont certaines sont m\u00eame depuis cette rentr\u00e9e compl\u00e8tement arrach\u00e9es.\u00a0<\/span><\/p>\n<p><span>Comme partout, les prix augmentent, et le budget pour le mat\u00e9riel des classes diminue. Cela devient compliqu\u00e9 pour les enseignants.<\/span><\/p>\n<p><span>Pouvez-vous revaloriser le budget pour le mat\u00e9riel des classes en tenant compte de l\u2019inflation ?<\/span><\/p>\n<p><span>Pouvez-vous nous donner de la visibilit\u00e9 concernant les prochains travaux des \u00e9coles de Meudon la foret ?<\/span><\/p>\n<h3><span>Question 7 : construction de 220 logements \u00e0 Bellevue<br \/>\n<\/span><\/h3>\n<p><span>\u00a0<\/span><\/p>\n<p><span>Monsieur le Maire, cher.e.s coll\u00e8gues,<\/span><\/p>\n<p><span>Lors du conseil municipal du 27 juin dernier suite \u00e0 notre question concernant la construction de 220 logement \u00e0 Bellevue vous nous aviez r\u00e9pondu \u00e0 nous et \u00e9galement \u00e0 plusieurs associations meudonnaises que la mani\u00e8re de vous opposer \u00e0 ce qui se construisait \u00e9tait de faire une contre proposition. En effet, si le permis n\u2019est plus valide cela n&#8217;emp\u00eache pour le moment pas les travaux de continuer. Pouvez-vous nous indiquer o\u00f9 en est votre contre proposition et quelles sont ses chances d\u2019aboutir ?\u00a0<\/span><\/p>\n<p><span>De surcro\u00eet cette question int\u00e9resse \u00e9galement les riverains subissant les pollutions li\u00e9 au ballet permanent de camions de ce chantier. Il nous demande combien de temps cela va t\u2019il durer et que va t\u2019il advenir du r\u00e9seau de carri\u00e8res qui est sous ce coteau ?<\/span><\/p>\n<p>&nbsp;<\/p>\n<h3><span>Question 8 : flotte d\u2019autopartage \u00e0 Meudon<\/span><\/h3>\n<p><span>Monsieur le Maire, ch\u00e8r.es coll\u00e8gues,<\/span><\/p>\n<p><span>Il y a plusieurs ann\u00e9es, la ville accueillait un parc de v\u00e9hicules en autopartage. Depuis la disparition d\u2019autolib, plus aucune alternative de partage automobile n\u2019a \u00e9t\u00e9 propos\u00e9e \u00e0 Meudon. Or, de nombreuses personnes ont encore des besoins ponctuels d\u2019utiliser des voitures, malgr\u00e9 les offres de transport en commun. Un service d\u2019autopartage est donc une r\u00e9ponse \u00e9cologique \u00e0 ce besoin, permettant de r\u00e9duire le parc automobile priv\u00e9 tout en offrant aux usager.es la possibilit\u00e9 d\u2019\u00eatre v\u00e9hicul\u00e9.es. Plusieurs villes de Hauts-de-Seine, soutenues par GPSO comme S\u00e8vres, Ville d\u2019Avray ou Boulogne se sont saisies de l\u2019enjeu en d\u00e9ployant les v\u00e9hicules du groupe Communauto. Par cette question, nous demandons \u00e0 la ville de s\u2019engager \u00e0 \u00e9tudier la faisabilit\u00e9 et la mise en \u0153uvre d\u2019un tel dispositif sur notre territoire.\u00a0<\/span><\/p>\n","protected":false},"excerpt":{"rendered":"<p>Questions pos\u00e9es par les \u00e9lus de Meudon \u00e9cologie citoyenne. Question 1 :\u00a0 Sur les st\u00e9r\u00e9otypes v\u00e9hicul\u00e9 par la couverture du Chloroville d\u2019Octobre Monsieur le Maire, mes ch\u00e8r.e.s coll\u00e8gues, La mairie se f\u00e9licite des bons indicateurs concernant l\u2019\u00e9galit\u00e9 salariale homme femme dans nos services, tout en indiquant que pour avoir les [&hellip;]<\/p>\n","protected":false},"author":1,"featured_media":1396,"comment_status":"closed","ping_status":"open","sticky":false,"template":"","format":"standard","meta":{"_themeisle_gutenberg_block_has_review":false,"footnotes":""},"categories":[57],"tags":[52,29],"class_list":["post-1392","post","type-post","status-publish","format-standard","has-post-thumbnail","hentry","category-conseil-municipal","tag-conseil-municipal","tag-meudon"],"jetpack_featured_media_url":"https:\/\/meudonecologiecitoyenne.fr\/wp-content\/uploads\/2024\/10\/mika-baumeister-K76Drn2egyQ-unsplash.jpg","_links":{"self":[{"href":"https:\/\/meudonecologiecitoyenne.fr\/index.php?rest_route=\/wp\/v2\/posts\/1392","targetHints":{"allow":["GET"]}}],"collection":[{"href":"https:\/\/meudonecologiecitoyenne.fr\/index.php?rest_route=\/wp\/v2\/posts"}],"about":[{"href":"https:\/\/meudonecologiecitoyenne.fr\/index.php?rest_route=\/wp\/v2\/types\/post"}],"author":[{"embeddable":true,"href":"https:\/\/meudonecologiecitoyenne.fr\/index.php?rest_route=\/wp\/v2\/users\/1"}],"replies":[{"embeddable":true,"href":"https:\/\/meudonecologiecitoyenne.fr\/index.php?rest_route=%2Fwp%2Fv2%2Fcomments&post=1392"}],"version-history":[{"count":4,"href":"https:\/\/meudonecologiecitoyenne.fr\/index.php?rest_route=\/wp\/v2\/posts\/1392\/revisions"}],"predecessor-version":[{"id":1397,"href":"https:\/\/meudonecologiecitoyenne.fr\/index.php?rest_route=\/wp\/v2\/posts\/1392\/revisions\/1397"}],"wp:featuredmedia":[{"embeddable":true,"href":"https:\/\/meudonecologiecitoyenne.fr\/index.php?rest_route=\/wp\/v2\/media\/1396"}],"wp:attachment":[{"href":"https:\/\/meudonecologiecitoyenne.fr\/index.php?rest_route=%2Fwp%2Fv2%2Fmedia&parent=1392"}],"wp:term":[{"taxonomy":"category","embeddable":true,"href":"https:\/\/meudonecologiecitoyenne.fr\/index.php?rest_route=%2Fwp%2Fv2%2Fcategories&post=1392"},{"taxonomy":"post_tag","embeddable":true,"href":"https:\/\/meudonecologiecitoyenne.fr\/index.php?rest_route=%2Fwp%2Fv2%2Ftags&post=1392"}],"curies":[{"name":"wp","href":"https:\/\/api.w.org\/{rel}","templated":true}]}}