{"id":1353,"date":"2024-06-16T21:44:05","date_gmt":"2024-06-16T19:44:05","guid":{"rendered":"https:\/\/meudonecologiecitoyenne.fr\/?p=1353"},"modified":"2024-06-16T21:45:23","modified_gmt":"2024-06-16T19:45:23","slug":"fermeture-du-centre-de-sante-croix-rouge-de-meudon-val-fleury-chronique-dun-desastre-social-et-sanitaire-annonce","status":"publish","type":"post","link":"https:\/\/meudonecologiecitoyenne.fr\/?p=1353","title":{"rendered":"Fermeture du centre de sant\u00e9 Croix-Rouge de Meudon Val-Fleury : chronique d\u2019un d\u00e9sastre social et sanitaire annonc\u00e9"},"content":{"rendered":"<p>La tribune des \u00e9lus de Meudon \u00e9cologie citoyenne pour le chloroville de juillet-ao\u00fbt 2024.<\/p>\n<p>Pr\u00e9sente depuis 84 ans \u00e0 Meudon, la Croix Rouge avait emm\u00e9nag\u00e9 dans de nouveaux locaux en 2010 avec le soutien d\u2019Herv\u00e9 Marseille. Ce centre de sant\u00e9 de proximit\u00e9, sensibilis\u00e9 aux probl\u00e9matiques sociales, o\u00f9 consultent m\u00e9decins g\u00e9n\u00e9ralistes et sp\u00e9cialistes, dentistes et sages-femmes assure une mission de sant\u00e9 publique aupr\u00e8s plus de 2 300 patient.e.s par an. Il est accessible \u00e0 tous.tes par son amplitude horaire, et surtout par ses tarifs de secteur 1, sans d\u00e9passements d\u2019honoraires, avec application fr\u00e9quente du tiers-payant. Mais l\u2019association, en grande difficult\u00e9 financi\u00e8re due \u00e0 un manque de subventions, souhaite se d\u00e9sengager de plusieurs centres dont celui de Meudon. \u00a0Il serait pourtant irresponsable de supprimer cette offre de soins ou de la c\u00e9der \u00e0 un \u00e9tablissement priv\u00e9 aux tarifs exorbitants : l\u2019absence de soins aux plus pr\u00e9caires aurait des cons\u00e9quences m\u00e9dicales et sociales d\u00e9sastreuses, et des r\u00e9percussions sanitaires pour tous.tes les Meudonnais.e.s.<\/p>\n<p>En 2010, la mairie avait achet\u00e9 les locaux et financ\u00e9 les travaux, avec l\u2019aide du conseil g\u00e9n\u00e9ral des Hauts-de-Seine. En 2024, Meudon doit pr\u00e9server cette structure de soins. En concertation avec les autres villes concern\u00e9es par la fermeture, elle doit envisager sa d\u00e9l\u00e9gation \u00e0 une association sans but lucratif, ou sa transformation en centre de sant\u00e9 communal. Responsables et solidaires, mobilisons-nous ! Le droit \u00e0 la sant\u00e9 est inali\u00e9nable.<\/p>\n","protected":false},"excerpt":{"rendered":"<p>La tribune des \u00e9lus de Meudon \u00e9cologie citoyenne pour le chloroville de juillet-ao\u00fbt 2024. Pr\u00e9sente depuis 84 ans \u00e0 Meudon, la Croix Rouge avait emm\u00e9nag\u00e9 dans de nouveaux locaux en 2010 avec le soutien d\u2019Herv\u00e9 Marseille. Ce centre de sant\u00e9 de proximit\u00e9, sensibilis\u00e9 aux probl\u00e9matiques sociales, o\u00f9 consultent m\u00e9decins g\u00e9n\u00e9ralistes [&hellip;]<\/p>\n","protected":false},"author":1,"featured_media":1354,"comment_status":"closed","ping_status":"open","sticky":false,"template":"","format":"standard","meta":{"_themeisle_gutenberg_block_has_review":false,"footnotes":""},"categories":[23],"tags":[252,68],"class_list":["post-1353","post","type-post","status-publish","format-standard","has-post-thumbnail","hentry","category-communiques","tag-croix-rouge","tag-sante"],"jetpack_featured_media_url":"https:\/\/meudonecologiecitoyenne.fr\/wp-content\/uploads\/2024\/06\/400x400_-croix-rouge-logo.jpg","_links":{"self":[{"href":"https:\/\/meudonecologiecitoyenne.fr\/index.php?rest_route=\/wp\/v2\/posts\/1353","targetHints":{"allow":["GET"]}}],"collection":[{"href":"https:\/\/meudonecologiecitoyenne.fr\/index.php?rest_route=\/wp\/v2\/posts"}],"about":[{"href":"https:\/\/meudonecologiecitoyenne.fr\/index.php?rest_route=\/wp\/v2\/types\/post"}],"author":[{"embeddable":true,"href":"https:\/\/meudonecologiecitoyenne.fr\/index.php?rest_route=\/wp\/v2\/users\/1"}],"replies":[{"embeddable":true,"href":"https:\/\/meudonecologiecitoyenne.fr\/index.php?rest_route=%2Fwp%2Fv2%2Fcomments&post=1353"}],"version-history":[{"count":3,"href":"https:\/\/meudonecologiecitoyenne.fr\/index.php?rest_route=\/wp\/v2\/posts\/1353\/revisions"}],"predecessor-version":[{"id":1357,"href":"https:\/\/meudonecologiecitoyenne.fr\/index.php?rest_route=\/wp\/v2\/posts\/1353\/revisions\/1357"}],"wp:featuredmedia":[{"embeddable":true,"href":"https:\/\/meudonecologiecitoyenne.fr\/index.php?rest_route=\/wp\/v2\/media\/1354"}],"wp:attachment":[{"href":"https:\/\/meudonecologiecitoyenne.fr\/index.php?rest_route=%2Fwp%2Fv2%2Fmedia&parent=1353"}],"wp:term":[{"taxonomy":"category","embeddable":true,"href":"https:\/\/meudonecologiecitoyenne.fr\/index.php?rest_route=%2Fwp%2Fv2%2Fcategories&post=1353"},{"taxonomy":"post_tag","embeddable":true,"href":"https:\/\/meudonecologiecitoyenne.fr\/index.php?rest_route=%2Fwp%2Fv2%2Ftags&post=1353"}],"curies":[{"name":"wp","href":"https:\/\/api.w.org\/{rel}","templated":true}]}}