{"id":1257,"date":"2022-12-16T10:09:56","date_gmt":"2022-12-16T09:09:56","guid":{"rendered":"https:\/\/meudonecologiecitoyenne.fr\/?p=1257"},"modified":"2023-03-28T15:09:17","modified_gmt":"2023-03-28T13:09:17","slug":"conseil-municipal-de-meudon-du-15-decembre-2022-voeux-et-questions-des-elus","status":"publish","type":"post","link":"https:\/\/meudonecologiecitoyenne.fr\/?p=1257","title":{"rendered":"Conseil municipal de Meudon du 15 d\u00e9cembre 2022 &#8211; voeux et questions des \u00e9lus"},"content":{"rendered":"<p>Conseil municipal de Meudon du 15 d\u00e9cembre 2022 &#8211; voeux et questions des \u00e9lus de Meudon \u00e9cologie citoyenne.<\/p>\n<h2>1\/ V\u0152U SUR L\u2019ACCUEIL DES MIGRANTS<\/h2>\n<p>En d\u00e9cembre 2021, sur la base d\u2019un v\u0153u propos\u00e9 par les \u00e9lu.es de Meudon Ecologie Citoyenne, la ville de Meudon s\u2019est engag\u00e9e \u00e0 signer la d\u00e9claration propos\u00e9e par l\u2019UNHCR (agence des Nations Unies pour les r\u00e9fugi\u00e9s) pour soutenir les r\u00e9fugi\u00e9.es. Nous saluons cette d\u00e9cision qui acte la volont\u00e9 de notre ville de se placer dans une posture de responsabilit\u00e9 et de solidarit\u00e9 avec celles et ceux qui sont contraint.es \u00e0 fuir leur pays et cherchent refuge sur notre sol.<\/p>\n<p>Depuis cette date, aux vagues de migration depuis le Proche-Orient ou l\u2019Afrique se sont ajout\u00e9es d\u2019autres cohortes, dont celle des exil\u00e9.es Ukrainien.nes. Le meilleur accueil qui leur a \u00e9t\u00e9 fait -et l\u2019on ne peut que s\u2019en r\u00e9jouir- ne doit pas faire oublier les nombreux.ses autres migrant.es dont la situation ne s\u2019est pas am\u00e9lior\u00e9e. C\u2019est pourquoi nous proposons \u00e0 la ville de Meudon d\u2019avancer un pas de plus dans son engagement en adh\u00e9rant \u00e0 l\u2019ANVITA.<\/p>\n<p>Cr\u00e9\u00e9e le 26 septembre 2018 par neuf villes fondatrices, l&#8217;Association Nationale des Villes et Territoires Accueillants (ANVITA) rassemble des collectivit\u00e9s territoriales, groupements de collectivit\u00e9s et \u00e9lu.es qui \u0153uvrent pour des politiques d&#8217;accueil inconditionnelles incluant les publics exil\u00e9s, et pour l&#8217;hospitalit\u00e9 sur leur territoire. Ont notamment adh\u00e9r\u00e9 des grandes villes comme PARIS, STRASBOURG, BORDEAUX, NANTES, LYON, GRENOBLE, MARSEILLE, MONTPELLIER, mais \u00e9galement des communes de la r\u00e9gion parisienne et de nombreuses petites villes en province.<\/p>\n<p>L&#8217;ANVITA est un vrai r\u00e9seau d&#8217;\u00e9change de pratiques qui permet \u00e0 ses membres de d\u00e9velopper les programmes les plus adapt\u00e9s \u00e0 la situation locale et d\u2019agir en meilleure coordination avec les services de l\u2019Etat et les autres collectivit\u00e9s.<\/p>\n<p>Annexe\u00a0: CHARTE DE L\u2019ANVITA<\/p>\n<p>La crise de l&#8217;accueil des migrant\u00b7es est avant tout une crise de valeurs mises \u00e0 mal par les politiques nationales et europ\u00e9ennes emp\u00eachant, co\u00fbte que co\u00fbte, les arriv\u00e9es en Europe de personnes ayant fui leur pays. Celles-ci sont pourtant in\u00e9luctables en raison des conflits, de la pauvret\u00e9 et du changement climatique. Elles sont inh\u00e9rentes au droit \u00e0 la mobilit\u00e9.<\/p>\n<p>La politique migratoire instaur\u00e9e tant au niveau europ\u00e9en, qu&#8217;au niveau des \u00c9tats membres et l&#8217;absence de consensus entre les \u00c9tats de l&#8217;Union aboutissent \u00e0 la violation des droits fondamentaux et \u00e0 un manque de solidarit\u00e9 europ\u00e9enne, \u00e0 la fois entre pays membres et \u00e0 l&#8217;\u00e9gard de celles et ceux qui fuient des conditions de vie dramatiques. En France, comme le signalent de nombreuses associations ou encore la Commission Nationale Consultative des Droits de l&#8217;Homme, les droits fondamentaux des personnes migrantes ne cessent d&#8217;\u00eatre restreints. Le combat des associations pour faire valoir ces droits en est un exemple criant comme celui des positions prises par le D\u00e9fenseur des Droits. Cette politique de fermeture et de repli sur soi alimente aujourd&#8217;hui la d\u00e9fiance, multiplie les risques politiques, d\u00e9stabilise les opinions publiques et fragilise la place de la France en Europe et dans le monde. Malgr\u00e9 cette r\u00e9alit\u00e9, l&#8217;optimisme de la volont\u00e9 perdure.<\/p>\n<p>C&#8217;est ce qui nous anime, en tant qu&#8217;\u00e9lu\u00b7es, citoyen\u00b7nes, b\u00e9n\u00e9voles, militant\u00b7es ou responsables politiques. Cette fraternit\u00e9 fait l&#8217;honneur de la France. Elle renforce les bases d&#8217;une soci\u00e9t\u00e9 inclusive. Nous sommes en France les d\u00e9positaires de valeurs humanistes et d&#8217;une tradition historique d&#8217;accueil aujourd&#8217;hui mise en danger. Nous refusons toute politique remettant en cause l&#8217;accueil inconditionnel, entravant les libert\u00e9s fondamentales et constituant une forme de violence institutionnelle.<\/p>\n<p>Lorsque l&#8217;\u00c9tat, dans le cadre de ses comp\u00e9tences, organise l&#8217;accueil sur un territoire en lien avec la collectivit\u00e9 et la soci\u00e9t\u00e9 civile, l&#8217;exp\u00e9rience prouve que l&#8217;inclusion est possible et enrichissante. En revanche, lorsque l&#8217;\u00c9tat est d\u00e9faillant, les communes et les territoires restent bien seuls avec les associations et les citoyen\u00b7nes, en premi\u00e8re ligne pour faire face \u00e0 l&#8217;urgence humanitaire. Il nous appartient, sur nos territoires, \u00e0 la fois d&#8217;agir \u00e0 l&#8217;image de l&#8217;Histoire et de la culture d&#8217;hospitalit\u00e9 en France et d&#8217;interpeller l&#8217;\u00c9tat pour qu&#8217;il assume ses responsabilit\u00e9s. Pour notre part, c&#8217;est d\u00e9j\u00e0 ce que nous mettons en \u0153uvre dans nos villes avec nos politiques de solidarit\u00e9s.<\/p>\n<p>Sur la base de nos exp\u00e9riences, nous faisons des propositions adapt\u00e9es afin de r\u00e9pondre aux imp\u00e9ratifs de l&#8217;urgence et de l&#8217;inclusion de toutes les personnes de mani\u00e8re inconditionnelle.<\/p>\n<p>&nbsp;<\/p>\n<ol>\n<li><strong>Nous proposons au-del\u00e0 de l&#8217;hospitalit\u00e9 des villes, la reconnaissance de cette pr\u00e9sence temporaire, dite de transit<\/strong>. Cela permettrait de &#8220;s\u00e9curiser&#8221; les parcours migratoires, d&#8217;offrir le temps n\u00e9cessaire \u00e0 la r\u00e9flexion sur le projet migratoire, donnant la possibilit\u00e9 \u00e0 chacun\u00b7e de le poursuivre, de l&#8217;amender ou d&#8217;y renoncer. Il faudra pour cela que le gouvernement respecte enfin les droits fondamentaux des migrant\u00b7es et abandonne sa vision r\u00e9ductrice des ph\u00e9nom\u00e8nes migratoires consistant notamment \u00e0 opposer les demandeur\u00b7euses d&#8217;asile aux autres migrant\u00b7es, les migrant\u00b7es aux fran\u00e7ais.<\/li>\n<\/ol>\n<p>&nbsp;<\/p>\n<ol start=\"2\">\n<li><strong>Nos territoires peuvent devenir refuges pour tous ceux et toutes celles qui ont besoin d&#8217;\u00eatre mis \u00e0 l&#8217;abri<\/strong>. C&#8217;est mettre en \u0153uvre le devoir d&#8217;hospitalit\u00e9 en r\u00e9pondant d&#8217;abord et avant tout aux urgences, celles li\u00e9es \u00e0 l&#8217;acc\u00e8s inconditionnel \u00e0 l&#8217;h\u00e9bergement, \u00e0 l&#8217;alimentation, \u00e0 l&#8217;hygi\u00e8ne, \u00e0 la sant\u00e9, \u00e0 l&#8217;\u00e9ducation et \u00e0 la culture pour r\u00e9pondre aux besoins vitaux.<\/li>\n<\/ol>\n<p>&nbsp;<\/p>\n<ol start=\"3\">\n<li><strong>Nous proposons de mettre en \u0153uvre tout dispositif permettant aux personnes, quel que soit leur statut, de vivre dignement dans nos territoires<\/strong>. Conform\u00e9ment au Pacte d&#8217;Amsterdam de mai 2016 et de la convention Habitat III de l&#8217;ONU d&#8217;octobre 2016.<\/li>\n<\/ol>\n<p>&nbsp;<\/p>\n<ol start=\"4\">\n<li><strong>Nous exigeons le respect du droit des Mineur\u00b7es Non Accompagn\u00e9\u00b7es et des Jeunes Majeur\u00b7es lorsque la prise en charge est d\u00e9faillante par les conseils d\u00e9partementaux et l&#8217;\u00c9tat.<\/strong> Le principe de prise en compte de l&#8217;int\u00e9r\u00eat de l&#8217;enfant doit primer sur toute autre consid\u00e9ration. Ces droits sont garantis par la Convention internationale des droits de l&#8217;enfant de 1989 et conform\u00e9ment au code de l&#8217;action sociale et des familles et des circulaires d&#8217;application (mai 2013 et janvier 2016). Si cette comp\u00e9tence rel\u00e8ve des d\u00e9partements, l&#8217;\u00c9tat doit apporter les moyens financiers n\u00e9cessaires \u00e0 une prise en charge digne et un accompagnement de qualit\u00e9 et ce, sur l&#8217;ensemble du territoire.<\/li>\n<\/ol>\n<p>&nbsp;<\/p>\n<ol start=\"5\">\n<li><strong>Nous demandons que l&#8217;\u00c9tat assume ses missions et assure les moyens pour cr\u00e9er des solutions d&#8217;accueil, d&#8217;h\u00e9bergement et d&#8217;accompagnement plus nombreuses et plus qualitatives que celles existantes aujourd&#8217;hui<\/strong>. Il faudra, par ailleurs, harmoniser et p\u00e9renniser les dispositifs pour \u00e9viter que l&#8217;urgence ne devienne la r\u00e8gle. La France peut, si nous le d\u00e9cidons collectivement, \u00e9viter aux migrant\u00b7es d&#8217;\u00eatre contraint\u00b7es de vivre dans des camps, des bidonvilles ou des &#8220;jungles&#8221;, gr\u00e2ce \u00e0 un accueil digne de notre humanit\u00e9. La mise en place d&#8217;une vraie politique interminist\u00e9rielle d&#8217;accueil, sous l&#8217;\u00e9gide du Premier Ministre, permettrait de mettre fin aux dispositifs improvis\u00e9s et contradictoires men\u00e9s par le seul Minist\u00e8re de l&#8217;Int\u00e9rieur. L&#8217;association aura vocation d&#8217;\u00eatre l&#8217;interlocuteur de l&#8217;agence de l&#8217;accueil et de l&#8217;int\u00e9gration que nous souhaitons aussi voir \u00e9merger au niveau national.<\/li>\n<\/ol>\n<p>&nbsp;<\/p>\n<p>Il faudra pour cela formaliser ce r\u00e9seau \u00e0 l&#8217;\u00e9chelle du pays et ouvrir un dialogue permanent et constructif avec l&#8217;ensemble des acteurs de la soci\u00e9t\u00e9 civile et l&#8217;\u00c9tat, afin de trouver les solutions concr\u00e8tes et pragmatiques dans le cadre d&#8217;un pays accueillant, plus tol\u00e9rant et ouvert au monde. Il n&#8217;existe pas UNE solution nationale de l&#8217;accueil, mais bien autant de solutions que de situations locales.<\/p>\n<h2>2\/ V\u0152U SUR LES TRANSPORTS PUBLICS<\/h2>\n<p>&nbsp;<\/p>\n<p>Le 11 octobre 2021 la Pr\u00e9sidente d\u2019\u00cele-de-France Mobilit\u00e9s (IDM), Val\u00e9rie P\u00e9cresse, a d\u00e9cid\u00e9 en Conseil d\u2019administration de r\u00e9duire l\u2019offre de transport pour une dur\u00e9e ind\u00e9termin\u00e9e sur 13 lignes de m\u00e9tro, 150 lignes de bus, 6 lignes de RER et de Transilien, ainsi que 4 lignes de tramway.<\/p>\n<p>Le 17 f\u00e9vrier 2022, anticipant sur la loi LOM d\u2019Emmanuel Macron, qui pr\u00e9voit une privatisation des transports en commun, Val\u00e9rie P\u00e9cressea \u00e9galement acc\u00e9l\u00e9r\u00e9 la mise en concurrence des lignes de bus, de tramway et bient\u00f4t de m\u00e9tro, aggravant ainsi une situation sociale d\u00e9j\u00e0 tr\u00e8s tendue et diminuant de surcro\u00eet l\u2019attractivit\u00e9 des postes en raison des nouvelles conditions de travail induites par cette privatisation.<\/p>\n<p>D\u00e9but septembre dernier la RATP et \u00cele-de-France Mobilit\u00e9s ont convenu d\u2019une nouvelle baisse de la commande sur le r\u00e9seau des bus pour r\u00e9pondre au manque de chauffeurs, le total cumul\u00e9 de ces baisses atteignant sur certaines lignes 20%.<\/p>\n<p>Ces d\u00e9cisions auxquelles s\u2019ajoute une absence d\u2019anticipation sur les besoins pr\u00e9visibles en termes de recrutement ont aujourd\u2019hui abouti \u00e0 un manque important de conducteur.ices dans les transports en commun d\u2019\u00cele-de-France en raison des d\u00e9missions et des difficult\u00e9s de recrutement qu\u2019elles ont entrain\u00e9es.<\/p>\n<p>Depuis plusieurs mois nous constatons un retour progressif \u00e0 la normale en mati\u00e8re de comportement de mobilit\u00e9, le t\u00e9l\u00e9travail se faisant plus rare, et des millions de Franciliens et de Franciliennes utilisent \u00e0 nouveau chaque jour les gares de notre territoire.<\/p>\n<p>Pour les usager.es des transports en commun franciliens, les choix de gestion d\u2019IDFM et de sa Pr\u00e9sidente ont des cons\u00e9quences lourdes en termes de d\u00e9gradation de la qualit\u00e9 du service public de transport, sur l\u2019\u00cele-de-France et aussi \u00e0 Meudon\u00a0:<\/p>\n<ul>\n<li>Des retards fr\u00e9quents, des suppressions non programm\u00e9es de trains, bus, tramways&#8230;<\/li>\n<li>Les lignes de bus passant \u00e0 Meudon et notamment la ligne 162, fortement impact\u00e9es par cette d\u00e9gradation de service (fr\u00e9quences de passage diminu\u00e9es, v\u00e9hicules surcharg\u00e9s, temps d\u2019attente parfois doubl\u00e9)&#8230;<\/li>\n<li>Le tramway T6 est satur\u00e9 aux heures de pointe, ce qui entra\u00eene les usager.es \u00e0 parfois laisser passer une voire deux rames surcharg\u00e9es.<\/li>\n<\/ul>\n<p>C\u2019est alors que les Francilien.nes sont plong\u00e9.es dans cette situation catastrophique que, simultan\u00e9ment, IDFM d\u00e9cide, \u00e0 nouveau, de r\u00e9duire l\u2019offre de transports et d\u2019augmenter le prix du Passe Navigo qui passerait de 75\u20ac \u00e0 84,10\u20ac soit une augmentation de plus de 15%\u00a0!<\/p>\n<p>Cette augmentation touchera des Francilien.nes d\u00e9j\u00e0 fragilis\u00e9.es par la mont\u00e9e de l\u2019inflation, la hausse du co\u00fbt de l\u2019\u00e9nergie et des produits alimentaires. Il ne leur appartient pas de supporter l\u2019\u00e9quilibre financier d\u2019\u00cele-de-France Mobilit\u00e9s.<\/p>\n<p>De surcro\u00eet les plus affect\u00e9.es par ces dysfonctionnements sont les plus pr\u00e9caires, r\u00e9sidant.es pour la plupart en moyenne et grande couronne, dont l\u2019acc\u00e8s \u00e0 un r\u00e9seau de transport efficace conditionne la qualit\u00e9 de vie.<\/p>\n<p>On peut l\u00e9gitimement craindre que cette d\u00e9gradation des conditions de circulation dans les transports en commun et cette augmentation extravagante de leur co\u00fbt n\u2019incite les usager.es qui le pourront \u00e0 se reporter vers le transport automobile individuel. Ce ph\u00e9nom\u00e8ne a d\u2019ores et d\u00e9j\u00e0 \u00e9t\u00e9 constat\u00e9 depuis la rentr\u00e9e, m\u00eame si la p\u00e9nurie d\u2019essence l\u2019a provisoirement att\u00e9nu\u00e9 ces derni\u00e8res semaines.<\/p>\n<p>Nous rappelons ici que l\u2019impact environnemental de la circulation routi\u00e8re se manifeste notamment par la r\u00e9p\u00e9tition d\u2019\u00e9pisodes de pics de pollution et par les \u00e9missions de CO2 qu\u2019elle implique. L\u2019utilisation des transports en commun est \u00e9galement un des \u00e9l\u00e9ments de la sobri\u00e9t\u00e9 \u00e9nerg\u00e9tique, indispensable par les temps qui courent. Il est donc imp\u00e9ratif de les promouvoir et de favoriser leur utilisation et leur d\u00e9veloppement.<\/p>\n<p>Nous rappelons \u00e9galement que l\u2019ouverture \u00e0 la concurrence, d\u00e9cid\u00e9e par Emmanuel Macron et anticip\u00e9e avec z\u00e8le par Val\u00e9rie P\u00e9cresse, n\u2019a permis dans aucun autre pays d\u2019am\u00e9liorer l\u2019offre pour les usager.es et l\u2019a au contraire souvent d\u00e9grad\u00e9e.<\/p>\n<p>Le conseil municipal de Meudon \u00e9met donc le v\u0153u que la r\u00e9gion Ile-de-France et IDFM:<\/p>\n<ul>\n<li>Communiquent un compte rendu pr\u00e9cis de l\u2019\u00e9tat actuel du service de transports en commun, de sa fr\u00e9quentation en \u00cele-de-France et de leur \u00e9volution, et plus sp\u00e9cifiquement les donn\u00e9es concernant les lignes de bus desservant Meudon et le tramway T6.<\/li>\n<li>Annulent les r\u00e9ductions de l\u2019offre de transport, reviennent au minimum \u00e0 l\u2019offre pr\u00e9-Covid et r\u00e9tablissent le niveau de service nominal.<\/li>\n<li>Investissent massivement et prioritairement dans les transports en commun et s\u2019engagent de fa\u00e7on urgente sur la voie d\u2019un r\u00e9el \u00e9largissement de leur capacit\u00e9.<\/li>\n<li>Renoncent \u00e0 l\u2019ouverture \u00e0 la concurrence des transports franciliens.<\/li>\n<li>Reviennent sur leur d\u00e9cision injuste d\u2019augmentation du prix du Passe Navigo<\/li>\n<\/ul>\n<h2>3\/ QUESTION ORALE SUR LE PROJET DE GEOTHERMIE<\/h2>\n<p>Monsieur,<\/p>\n<p>Lors du conseil municipal du 30 novembre dernier, le maire de Clamart a demand\u00e9 au conseil municipal de Clamart de rendre un avis d\u00e9favorable sur le projet de g\u00e9othermie port\u00e9 par la ville de Meudon.<\/p>\n<p>Convaincu.es de l\u2019urgence climatique et de l\u2019importance de s\u2019affranchir des limites communales et intercommunales, nous affirmons ce soir notre souhait que les maires de Clamart et de Meudon, ainsi que les territoires Vall\u00e9e Sud Grand Paris et Grand Paris Seine Ouest, puissent s\u2019entendre sur un projet commun dans l\u2019int\u00e9r\u00eat des Meudonnais.es et des Clamartois.es, vu la proximit\u00e9 du quartier de Meudon-la-for\u00eat avec notre commune.<\/p>\n<p>Nous voulions donc savoir si vous aviez \u00e9t\u00e9 en contact avec le maire de Clamart, avant ce vote, afin de le solliciter pour que le ce projet soit port\u00e9 conjointement par les deux villes\u00a0? Et si c\u2019est bien le cas, quelle suite vous apport\u00e9e le maire de Clamart\u00a0?<\/p>\n<p>Nous vous remercions pour votre r\u00e9ponse.<\/p>\n<p>&nbsp;<\/p>\n<h2>Question orale: Question sur les \u00e9coles Meudonnaises v\u00e9tustes<\/h2>\n<p>Plusieurs probl\u00e8mes nous sont remont\u00e9s au niveau des \u00e9coles. Dont plusieurs probl\u00e8mes signal\u00e9s par les parents d\u2019\u00e9l\u00e8ves ou les employ\u00e9s depuis plus d\u2019un an comme des radiateurs qui fuient, des WC pour adulte avec de la moisissure, des WC qui ferment mal, des salles de classe \u00e0 Meudon la for\u00eat, o\u00f9 il fait 17\u00b0C en raison de l\u2019absence d\u2019isolation ext\u00e9rieur (toits ou murs). Une date de remise en chauffage annonc\u00e9 sur Facebook par la mairie n\u2019\u00e9tait pas celle v\u00e9cu \u00e0 Meudon-la-for\u00eat qui d\u00e9pend du chauffage urbain. Ayant un fils en \u00e9cole maternelle \u00e0 Vignaud j\u2019ai pu observer par moi-m\u00eame la quasi-totalit\u00e9 de ces diff\u00e9rents probl\u00e8mes. Vous nous expliquiez pour les probl\u00e8mes concernant le recrutement d\u2019animateurs en p\u00e9riscolaire ou le recrutement d\u2019ASTEM que cela n\u2019\u00e9tait pas li\u00e9 qu\u2019\u00e0 une question de salaire. Il est donc temps pour r\u00e9soudre ces probl\u00e8mes de recrutement de travailler \u00e9galement sur les conditions de travail m\u00eame si nous restons convaincus qu&#8217;il est \u00e9galement n\u00e9cessaire de revaloriser le salaire de ces professions, selon la loi de l\u2019offre et de la demande si ch\u00e8re aux partis ayant soutenus la majorit\u00e9 municipale. La question sera donc comment avez-vous pr\u00e9vu de r\u00e9soudre ces probl\u00e8mes rapidement ? Afin que l\u2019opposition et la majorit\u00e9 ai une vision partag\u00e9e de ces probl\u00e8mes est-il possible d\u2019avoir une r\u00e9union d\u00e9di\u00e9e \u00e0 ces probl\u00e8mes mat\u00e9riels des lieux de la petite enfance g\u00e9r\u00e9 par la mairie ?<\/p>\n","protected":false},"excerpt":{"rendered":"<p>Conseil municipal de Meudon du 15 d\u00e9cembre 2022 &#8211; voeux et questions des \u00e9lus de Meudon \u00e9cologie citoyenne. 1\/ V\u0152U SUR L\u2019ACCUEIL DES MIGRANTS En d\u00e9cembre 2021, sur la base d\u2019un v\u0153u propos\u00e9 par les \u00e9lu.es de Meudon Ecologie Citoyenne, la ville de Meudon s\u2019est engag\u00e9e \u00e0 signer la d\u00e9claration [&hellip;]<\/p>\n","protected":false},"author":1,"featured_media":1263,"comment_status":"closed","ping_status":"open","sticky":false,"template":"","format":"standard","meta":{"_themeisle_gutenberg_block_has_review":false,"footnotes":""},"categories":[23,57],"tags":[69,64,165,29,139],"class_list":["post-1257","post","type-post","status-publish","format-standard","has-post-thumbnail","hentry","category-communiques","category-conseil-municipal","tag-ecole","tag-ecoles","tag-geothermie","tag-meudon","tag-migrants"],"jetpack_featured_media_url":"https:\/\/meudonecologiecitoyenne.fr\/wp-content\/uploads\/2022\/12\/matt-walsh-tVkdGtEe2C4-unsplash.jpg","_links":{"self":[{"href":"https:\/\/meudonecologiecitoyenne.fr\/index.php?rest_route=\/wp\/v2\/posts\/1257","targetHints":{"allow":["GET"]}}],"collection":[{"href":"https:\/\/meudonecologiecitoyenne.fr\/index.php?rest_route=\/wp\/v2\/posts"}],"about":[{"href":"https:\/\/meudonecologiecitoyenne.fr\/index.php?rest_route=\/wp\/v2\/types\/post"}],"author":[{"embeddable":true,"href":"https:\/\/meudonecologiecitoyenne.fr\/index.php?rest_route=\/wp\/v2\/users\/1"}],"replies":[{"embeddable":true,"href":"https:\/\/meudonecologiecitoyenne.fr\/index.php?rest_route=%2Fwp%2Fv2%2Fcomments&post=1257"}],"version-history":[{"count":1,"href":"https:\/\/meudonecologiecitoyenne.fr\/index.php?rest_route=\/wp\/v2\/posts\/1257\/revisions"}],"predecessor-version":[{"id":1258,"href":"https:\/\/meudonecologiecitoyenne.fr\/index.php?rest_route=\/wp\/v2\/posts\/1257\/revisions\/1258"}],"wp:featuredmedia":[{"embeddable":true,"href":"https:\/\/meudonecologiecitoyenne.fr\/index.php?rest_route=\/wp\/v2\/media\/1263"}],"wp:attachment":[{"href":"https:\/\/meudonecologiecitoyenne.fr\/index.php?rest_route=%2Fwp%2Fv2%2Fmedia&parent=1257"}],"wp:term":[{"taxonomy":"category","embeddable":true,"href":"https:\/\/meudonecologiecitoyenne.fr\/index.php?rest_route=%2Fwp%2Fv2%2Fcategories&post=1257"},{"taxonomy":"post_tag","embeddable":true,"href":"https:\/\/meudonecologiecitoyenne.fr\/index.php?rest_route=%2Fwp%2Fv2%2Ftags&post=1257"}],"curies":[{"name":"wp","href":"https:\/\/api.w.org\/{rel}","templated":true}]}}