{"id":1183,"date":"2022-05-15T11:09:17","date_gmt":"2022-05-15T09:09:17","guid":{"rendered":"https:\/\/meudonecologiecitoyenne.fr\/?p=1183"},"modified":"2022-05-15T11:09:17","modified_gmt":"2022-05-15T09:09:17","slug":"sauvons-les-carrieres-arnaudet-et-la-colline-rodin","status":"publish","type":"post","link":"https:\/\/meudonecologiecitoyenne.fr\/?p=1183","title":{"rendered":"Sauvons les carri\u00e8res Arnaudet et la colline Rodin"},"content":{"rendered":"<p>Tribune pour le num\u00e9ro de chloroville de juin 2022.<\/p>\n<p>&nbsp;<\/p>\n<p>La destruction des carri\u00e8res Arnaudet de Meudon est imminente. Class\u00e9es depuis 1986 par le ministre de l\u2019environnement, elles restent un lieu magique et une pr\u00e9cieuse source de fraicheur.<\/p>\n<p>Sous pr\u00e9texte de s\u00e9curit\u00e9 et sur la base d\u2019une seule \u00e9tude \u2013 contest\u00e9e par de nombreux experts \u2013 le comblement de la moiti\u00e9 des galeries de ce bijou, \u00e0 l\u2019origine du fameux blanc de Meudon, est programm\u00e9 par la ville. Les travaux pr\u00e9paratoires ont d\u00e9j\u00e0 commenc\u00e9. Les tron\u00e7onneuses coupent les arbres de la Colline Rodin, remplac\u00e9es par des zones de stockage. Elles accueilleront bient\u00f4t des dizaines de milliers de m3 de terres de chantiers, qui seront ensuite descendues pour combler nos belles carri\u00e8res.<\/p>\n<p>Une fois les carri\u00e8res combl\u00e9es, le carnage continuera. Apr\u00e8s avoir d\u00e9truit son sous-sol, c\u2019est la colline Rodin elle-m\u00eame qui sera d\u00e9figur\u00e9e. Les terrains qui sont aujourd\u2019hui des espaces de verdure et des ateliers d\u2019artistes seront vendus pour plusieurs millions d\u2019euros \u00e0 des promoteurs, qui se chargeront de la b\u00e9tonner. 24.000 m2 de surface sont annonc\u00e9s, \u00e0 deux pas du Mus\u00e9e Rodin. Seul un petit parc subsistera en surplomb des carri\u00e8res, dernier vestige de cet \u00e9crin de nature qui faisait la fiert\u00e9 de notre ville. Mais l\u2019abandon de ce projet funeste est toujours possible. Aux c\u00f4t\u00e9s de dizaines d\u2019associations de premier plan, rassemblant scientifiques, \u00e9cologistes, sp\u00e9l\u00e9ologues, architectes, amoureux du patrimoine et de la nature, nous continuerons \u00e0 nous battre. Plus que jamais restons mobilis\u00e9s pour sauver la colline Rodin et les carri\u00e8res Arnaudet\u00a0!<\/p>\n<p><em>Les \u00e9lu.e.s de Meudon Ecologie citoyenne<\/em><\/p>\n","protected":false},"excerpt":{"rendered":"<p>Tribune pour le num\u00e9ro de chloroville de juin 2022. &nbsp; La destruction des carri\u00e8res Arnaudet de Meudon est imminente. Class\u00e9es depuis 1986 par le ministre de l\u2019environnement, elles restent un lieu magique et une pr\u00e9cieuse source de fraicheur. Sous pr\u00e9texte de s\u00e9curit\u00e9 et sur la base d\u2019une seule \u00e9tude \u2013 [&hellip;]<\/p>\n","protected":false},"author":1,"featured_media":1184,"comment_status":"closed","ping_status":"open","sticky":false,"template":"","format":"standard","meta":{"_themeisle_gutenberg_block_has_review":false,"footnotes":""},"categories":[23],"tags":[160,152,53,73,54],"class_list":["post-1183","post","type-post","status-publish","format-standard","has-post-thumbnail","hentry","category-communiques","tag-arnaudet","tag-carrieres-arnaudet","tag-chloroville","tag-colline-rodin","tag-tribune"],"jetpack_featured_media_url":"https:\/\/meudonecologiecitoyenne.fr\/wp-content\/uploads\/2022\/05\/68e24f3e-e3c7-42e1-8b6e-a41bc2544e4e.jpg","_links":{"self":[{"href":"https:\/\/meudonecologiecitoyenne.fr\/index.php?rest_route=\/wp\/v2\/posts\/1183","targetHints":{"allow":["GET"]}}],"collection":[{"href":"https:\/\/meudonecologiecitoyenne.fr\/index.php?rest_route=\/wp\/v2\/posts"}],"about":[{"href":"https:\/\/meudonecologiecitoyenne.fr\/index.php?rest_route=\/wp\/v2\/types\/post"}],"author":[{"embeddable":true,"href":"https:\/\/meudonecologiecitoyenne.fr\/index.php?rest_route=\/wp\/v2\/users\/1"}],"replies":[{"embeddable":true,"href":"https:\/\/meudonecologiecitoyenne.fr\/index.php?rest_route=%2Fwp%2Fv2%2Fcomments&post=1183"}],"version-history":[{"count":2,"href":"https:\/\/meudonecologiecitoyenne.fr\/index.php?rest_route=\/wp\/v2\/posts\/1183\/revisions"}],"predecessor-version":[{"id":1186,"href":"https:\/\/meudonecologiecitoyenne.fr\/index.php?rest_route=\/wp\/v2\/posts\/1183\/revisions\/1186"}],"wp:featuredmedia":[{"embeddable":true,"href":"https:\/\/meudonecologiecitoyenne.fr\/index.php?rest_route=\/wp\/v2\/media\/1184"}],"wp:attachment":[{"href":"https:\/\/meudonecologiecitoyenne.fr\/index.php?rest_route=%2Fwp%2Fv2%2Fmedia&parent=1183"}],"wp:term":[{"taxonomy":"category","embeddable":true,"href":"https:\/\/meudonecologiecitoyenne.fr\/index.php?rest_route=%2Fwp%2Fv2%2Fcategories&post=1183"},{"taxonomy":"post_tag","embeddable":true,"href":"https:\/\/meudonecologiecitoyenne.fr\/index.php?rest_route=%2Fwp%2Fv2%2Ftags&post=1183"}],"curies":[{"name":"wp","href":"https:\/\/api.w.org\/{rel}","templated":true}]}}