{"id":1158,"date":"2022-03-28T10:59:14","date_gmt":"2022-03-28T08:59:14","guid":{"rendered":"https:\/\/meudonecologiecitoyenne.fr\/?p=1158"},"modified":"2022-04-01T18:14:43","modified_gmt":"2022-04-01T16:14:43","slug":"conseil-municipal-de-meudon-du-24-mars-2022-nos-questions","status":"publish","type":"post","link":"https:\/\/meudonecologiecitoyenne.fr\/?p=1158","title":{"rendered":"Conseil municipal de Meudon du 24 mars 2022 : nos questions"},"content":{"rendered":"<p>Questions pos\u00e9es par les \u00e9lus de Meudon \u00e9cologie citoyenne lors de la s\u00e9ance du conseil municipal de Meudon du 24 mars 2022.<\/p>\n<p><strong><u>Question 1 solidarit\u00e9 avec l\u2019Ukraine\u00a0<\/u><\/strong><\/p>\n<p>L\u2019invasion de l\u2019Ukraine par la Russie le 24 f\u00e9vrier dernier, est une violation inacceptable du droit international, du droit des peuples \u00e0 d\u00e9cider de leur avenir de fa\u00e7on souveraine, et qui met en danger la s\u00e9curit\u00e9 en Europe et dans le monde. Nous souhaitons tout d\u2019abord condamner cet acte avec la plus grande vigueur, et nous d\u00e9clarer solidaires de la population ukrainienne, ainsi que de tous les citoyens russes qui tentent de s\u2019opposer \u00e0 cette guerre dans leur pays malgr\u00e9 les risques encourus<\/p>\n<p>L\u2019invasion d\u00e9cid\u00e9e par le gouvernement russe est avant tout un drame humain, en plus d\u2019\u00eatre un choc aux cons\u00e9quences politiques et \u00e9conomiques consid\u00e9rables. Fuyant la guerre, des millions de personnes sont d\u00e9plac\u00e9es \u00e0 l\u2019ext\u00e9rieur de leur pays, principalement des femmes et des enfants, en premier lieu vers les pays europ\u00e9ens de langue et culture proche, mais aussi, \u00e0 mesure que la guerre se poursuit, de plus en plus vers d\u2019autres pays europ\u00e9ens dont la France. Au moment o\u00f9 ce v\u0153u est \u00e9crit, on compte quelques milliers de r\u00e9fugi\u00e9s demandeurs d\u2019asile sur le territoire fran\u00e7ais. L\u2019\u00e9tat pr\u00e9voit d\u2019ores et d\u00e9j\u00e0 l\u2019accueil de 100 000 personnes, ces pr\u00e9visions \u00e9tant en g\u00e9n\u00e9ral toujours sous-estim\u00e9es cela signifie qu\u2019il faut s\u2019attendre \u00e0 une augmentation des besoins d\u2019accueil.<\/p>\n<p>La ville de Meudon a tr\u00e8s vite engag\u00e9 l\u2019organisation d\u2019une collecte en vue de faire parvenir aux populations en d\u00e9tresse des produits de premi\u00e8re n\u00e9cessit\u00e9. Nous avons \u00e9galement appris qu\u2019un h\u00f4tel de Meudon \u00e9tait r\u00e9quisitionn\u00e9 en vue d\u2019accueillir dans les meilleures conditions possibles des r\u00e9fugi\u00e9s demandeurs d\u2019asile ukrainiens. Le site de la ville donne des informations utiles mais ne mentionne pas d\u2019efforts d\u2019accueil de r\u00e9fugi\u00e9s au-del\u00e0 des initiatives ou plateformes \u00e0 l\u2019\u00e9chelle nationale faisant appel \u00e0 la solidarit\u00e9 de chacun.<\/p>\n<p>Il nous faut nous r\u00e9jouir tout d\u2019abord que notre ville, \u00e0 l\u2019instar d\u2019autres villes et en particulier de Paris, se soit rapidement mobilis\u00e9e sur ce sujet. N\u00e9anmoins un certain nombre de questions se posent pour am\u00e9liorer et renforcer cette solidarit\u00e9, et anticiper l\u2019avenir.<\/p>\n<p>Au-del\u00e0 des mesures d\u2019accueil, ces personnes et familles en position d\u2019extr\u00eame fragilit\u00e9 doivent \u00eatre accompagn\u00e9es et leur installation dans notre commune facilit\u00e9e. Des mesures comme par exemple la gratuit\u00e9 du TIM ou de la restauration du p\u00e9riscolaire dans nos \u00e9coles comme cela se fait \u00e0 Paris doivent \u00eatre possibles. Ouvrons leur \u00e9galement l\u2019acc\u00e8s \u00e0 nos lieux de culture (m\u00e9diath\u00e8que, CAC, centre culturel Doisneau).<\/p>\n<p>Afin de r\u00e9pondre directement aux besoins de ces personnes qui, pour nombre d\u2019entre elles, sont arriv\u00e9es en France pratiquement sans bagages et qui manquent de tout, et puisque la scolarisation des jeunes arrivants repose pour une bonne part sur la Municipalit\u00e9, une association nous sugg\u00e8re que la cr\u00e9ation d\u2019un fonds consacr\u00e9 aux fournitures scolaires des enfants serait, par exemple, d\u2019une r\u00e9elle utilit\u00e9 imm\u00e9diate. Ce n\u2019est bien s\u00fbr qu\u2019un exemple parmi d\u2019autres.<\/p>\n<p>Nous souhaitons \u00e9galement que la mairie puisse voter une aide exceptionnelle \u00e0 un organisme international, Comit\u00e9 international de la Croix-Rouge (CICR) ou FACECO par exemple, pour venir en aide \u00e0 la population Ukrainienne.<\/p>\n<p>Nous souhaitons donc savoir dans quelle mesure la ville de Meudon peut r\u00e9pondre\/contribuer \u00e0 ces demandes de solidarit\u00e9 avec les r\u00e9fugi\u00e9s demandeurs d\u2019asile chass\u00e9s par la guerre en Ukraine.<\/p>\n<p>&nbsp;<\/p>\n<p><strong><u>Question 2 sur les HLM <\/u><\/strong><em>\u00a0<\/em><\/p>\n<p>Monsieur le maire,<\/p>\n<p>Comment sont pr\u00e9venus les candidats \u00e0 un logement social \u00e0 Meudon (combienti\u00e8me sur liste de priorit\u00e9, faible ou forte chance d\u2019en avoir). Les crit\u00e8res mentionn\u00e9s en r\u00e9ponse lors du CM de d\u00e9cembre sont ils connus des candidats ?<\/p>\n<p>&nbsp;<\/p>\n<p><strong><u>Question 3 Risque d\u2019effondrement des carri\u00e8res Schacher<\/u><\/strong><em>\u00a0<\/em><\/p>\n<p>Monsieur le maire,<\/p>\n<p>Dans le cadre du comblement des carri\u00e8res d\u2019Arnaudet, des milliers de m\u00e8tres cubes de terre excav\u00e9e seront entrepos\u00e9s au-dessus des carri\u00e8res Schacher.<\/p>\n<p>Or, ces carri\u00e8res, contrairement \u00e0 celles d\u2019Arnaudet, sont situ\u00e9es sous des habitations.<\/p>\n<p>Pourriez-vous nous indiquer quelles mesures de s\u00e9curit\u00e9 ont \u00e9t\u00e9 prises \u00e0 cet \u00e9gard ?\u00a0 Une \u00e9tude de s\u00e9curit\u00e9 a-t-elle \u00e9t\u00e9 conduite sur la capacit\u00e9 du sol \u00e0 supporter ce poids consid\u00e9rable ?<\/p>\n<p><strong><u>Question 4 Folie Biancourt <\/u><\/strong><\/p>\n<p>Chers coll\u00e8gues, Monsieur le Maire,<\/p>\n<p>La folie Biancourt a \u00e9t\u00e9 vendue par la mairie de Meudon au promoteur Duval d\u00e9veloppement Ile-de-France. La parcelle portait sur un b\u00e2timent de 475 m\u00b2 plus une annexe de 50m2 transform\u00e9 en maison de\u00a0 135 m\u00b2\u00a0 soit 610m2 habitable, sis sur un terrain de 1728 m2.<\/p>\n<p>La folie Biancourt a \u00e9t\u00e9 vendue 1370 000 \u20ac HT. Apr\u00e8s travaux, le promoteur en a tir\u00e9 environ 8500 \u20ac du m2 soit environ 5 200 000 \u20ac (estimation faite \u00e0 partir des prix de ventes publics). Ce projet s\u2019accompagne d\u2019une d\u00e9t\u00e9rioration d&#8217;\u00e9l\u00e9ments historiques (stucs int\u00e9rieurs notamment).<\/p>\n<p>Au regard de la diff\u00e9rence de prix, pourriez vous nous indiquer si vous regrettez cette vente? Consid\u00e9rez-vous que c\u2019est un bon usage des deniers publics ?<\/p>\n<p><strong><u>Question 5 sur le terrain Ik\u00e9a :\u00a0<\/u><\/strong><\/p>\n<p>[NB: la question porte sur l&#8217;acquisition par la ville de Meudon aupr\u00e8s d&#8217;IKEA d\u00e9veloppement d&#8217;un terrain de 43.000 m2 pour un prix de 17 millions d&#8217;euros, situ\u00e9 7-9 avenue du Mar\u00e9chal Juin. La vente a \u00e9t\u00e9 autoris\u00e9e par le conseil municipal\u00a0 en f\u00e9vrier 2021]<\/p>\n<p>Monsieur le Maire,<\/p>\n<p>Avez-vous une id\u00e9e plus pr\u00e9cise de l\u2019utilisation qui va \u00eatre fait du terrain ?<\/p>\n<p><strong><u>Question 6 sur l\u2019\u00e9tat de r\u00e9alisation du programme de la majorit\u00e9\u00a0 :\u00a0<\/u><\/strong><\/p>\n<p>Monsieur le Maire,<\/p>\n<p>Vous aviez indiqu\u00e9 dans votre programme lors des \u00e9lections municipales plusieurs engagements qui nous semblent positifs et dont nous souhaiterions savoir l\u2019\u00e9tat d\u2019avancement.<\/p>\n<p><strong>&gt; Labellisation \u00e9co-\u00e9cole?<\/strong><\/p>\n<p>L\u2019engagement d\u2019accompagner les \u00e9coles pour l\u2019obtention du label \u201c\u00e9co-\u00e9cole\u201d?<\/p>\n<p>Pourriez vous nous indiquer o\u00f9 en sont ces d\u00e9marches et si ce label a ou va \u00eatre obtenu?<\/p>\n<p><strong>&gt; Renforcer la s\u00e9curit\u00e9 routi\u00e8re aux abords des \u00e9coles.<\/strong><\/p>\n<p>Vous aviez indiqu\u00e9 dans votre programme que vous alliez renforcer la s\u00e9curit\u00e9 routi\u00e8re aux abords des \u00e9coles. Nous saluons ce projet, puisque comme vous le savez, nous sommes attach\u00e9s \u00e0 diminuer la place des voitures, notamment pr\u00e8s des \u00e9coles\u00a0 source de pollution, de bruit et d\u2019ins\u00e9curit\u00e9. Pourriez vous nous indiquer les mesures prises pour le renforcement de la s\u00e9curit\u00e9 routi\u00e8re aux abords des \u00e9coles?<\/p>\n<p><strong>&gt; Renforcer les contr\u00f4les sur les locations saisonni\u00e8res<\/strong><\/p>\n<p>Vous avez indiqu\u00e9 dans votre programme que vous alliez \u201cRenforcer les contr\u00f4les sur les locations saisonni\u00e8res.\u201d Pourriez vous nous indiquer si cela a \u00e9t\u00e9 le cas?<\/p>\n<p>&nbsp;<\/p>\n<p><strong><u>Question 7 &#8211; Ru d&#8217;arthelon<\/u><\/strong><\/p>\n<p>Monsieur le Maire,<\/p>\n<p>Nous avions pos\u00e9 lors d\u2019un pr\u00e9c\u00e9dent conseil municipal une question relative au ru d\u2019arthelon enfoui et canalis\u00e9 et sur les possibilit\u00e9s de le d\u00e9couvrir.<\/p>\n<p>Nous n\u2019avions pas eu de r\u00e9ponse lors du conseil municipal, faute de temps, ce que nous comprenons. Votre directeur de cabinet nous a indiqu\u00e9\u00a0 par email \u201cqu\u2019une \u00e9tude allait \u00eatre lanc\u00e9e sur le sujet du ru d\u2019Arthelon.\u201d<\/p>\n<p>Pourriez-vous nous indiquer quand cette \u00e9tude sera lanc\u00e9e ?<\/p>\n<p><strong><u>Question 8 O\u00f9 en est l\u2019apprentissage du v\u00e9lo dans les \u00e9coles de Meudon<\/u><\/strong><\/p>\n<p>Monsieur le Maire,<\/p>\n<p>Selon l\u2019article L.312-13-2 du code de l\u2019\u00e9ducation<strong>,\u00a0 <\/strong>l&#8217;apprentissage du d\u00e9placement \u00e0 v\u00e9lo en s\u00e9curit\u00e9 <em>doit \u00eatre organis\u00e9 dans un cadre scolaire, p\u00e9riscolaire ou extrascolaire. Il doit permettre \u00e0 chaque \u00e9l\u00e8ve de ma\u00eetriser, \u00e0 son entr\u00e9e dans les \u00e9tablissements du second degr\u00e9, la pratique autonome et s\u00e9curis\u00e9e du v\u00e9lo dans l&#8217;espace public.\u00a0<\/em><\/p>\n<p>Pourriez vous nous indiquer comment cet apprentissage du v\u00e9lo est mis en \u0153uvre \u00e0 Meudon? Y a t il des enseignements effectifs ou pr\u00e9vus dans le cadre scolaire ou\u00a0 p\u00e9riscolaire g\u00e9r\u00e9 par la ville ?<\/p>\n","protected":false},"excerpt":{"rendered":"<p>Questions pos\u00e9es par les \u00e9lus de Meudon \u00e9cologie citoyenne lors de la s\u00e9ance du conseil municipal de Meudon du 24 mars 2022. Question 1 solidarit\u00e9 avec l\u2019Ukraine\u00a0 L\u2019invasion de l\u2019Ukraine par la Russie le 24 f\u00e9vrier dernier, est une violation inacceptable du droit international, du droit des peuples \u00e0 d\u00e9cider [&hellip;]<\/p>\n","protected":false},"author":1,"featured_media":1070,"comment_status":"closed","ping_status":"open","sticky":false,"template":"","format":"standard","meta":{"_themeisle_gutenberg_block_has_review":false,"footnotes":""},"categories":[32,23,57],"tags":[162,160,121,73,161,159,29,157,158,63],"class_list":["post-1158","post","type-post","status-publish","format-standard","has-post-thumbnail","hentry","category-agenda","category-communiques","category-conseil-municipal","tag-airbnb","tag-arnaudet","tag-carrieres","tag-colline-rodin","tag-eco-ecole","tag-folie-biancourt","tag-meudon","tag-ru-darthelon","tag-ukraine","tag-velo"],"jetpack_featured_media_url":"https:\/\/meudonecologiecitoyenne.fr\/wp-content\/uploads\/2021\/09\/simone-secci-49uySSA678U-unsplash.jpg","_links":{"self":[{"href":"https:\/\/meudonecologiecitoyenne.fr\/index.php?rest_route=\/wp\/v2\/posts\/1158","targetHints":{"allow":["GET"]}}],"collection":[{"href":"https:\/\/meudonecologiecitoyenne.fr\/index.php?rest_route=\/wp\/v2\/posts"}],"about":[{"href":"https:\/\/meudonecologiecitoyenne.fr\/index.php?rest_route=\/wp\/v2\/types\/post"}],"author":[{"embeddable":true,"href":"https:\/\/meudonecologiecitoyenne.fr\/index.php?rest_route=\/wp\/v2\/users\/1"}],"replies":[{"embeddable":true,"href":"https:\/\/meudonecologiecitoyenne.fr\/index.php?rest_route=%2Fwp%2Fv2%2Fcomments&post=1158"}],"version-history":[{"count":4,"href":"https:\/\/meudonecologiecitoyenne.fr\/index.php?rest_route=\/wp\/v2\/posts\/1158\/revisions"}],"predecessor-version":[{"id":1162,"href":"https:\/\/meudonecologiecitoyenne.fr\/index.php?rest_route=\/wp\/v2\/posts\/1158\/revisions\/1162"}],"wp:featuredmedia":[{"embeddable":true,"href":"https:\/\/meudonecologiecitoyenne.fr\/index.php?rest_route=\/wp\/v2\/media\/1070"}],"wp:attachment":[{"href":"https:\/\/meudonecologiecitoyenne.fr\/index.php?rest_route=%2Fwp%2Fv2%2Fmedia&parent=1158"}],"wp:term":[{"taxonomy":"category","embeddable":true,"href":"https:\/\/meudonecologiecitoyenne.fr\/index.php?rest_route=%2Fwp%2Fv2%2Fcategories&post=1158"},{"taxonomy":"post_tag","embeddable":true,"href":"https:\/\/meudonecologiecitoyenne.fr\/index.php?rest_route=%2Fwp%2Fv2%2Ftags&post=1158"}],"curies":[{"name":"wp","href":"https:\/\/api.w.org\/{rel}","templated":true}]}}