{"id":1049,"date":"2021-09-09T13:26:30","date_gmt":"2021-09-09T11:26:30","guid":{"rendered":"https:\/\/meudonecologiecitoyenne.fr\/?p=1049"},"modified":"2022-05-07T11:01:18","modified_gmt":"2022-05-07T09:01:18","slug":"questions-conseil-municipal-de-meudon-du-30-juin-2021","status":"publish","type":"post","link":"https:\/\/meudonecologiecitoyenne.fr\/?p=1049","title":{"rendered":"Questions et interventions- conseil municipal de Meudon du 30 juin 2021"},"content":{"rendered":"<h2>Questions orales pos\u00e9es par les \u00e9lus de Meudon \u00e9cologie citoyenne lors du Conseil Municipal du 30 Juin 2021.<\/h2>\n<p><strong>QUESTION ORALE n\u00b01<\/strong><br \/>\nLe 21 juin dernier a \u00e9t\u00e9 l\u2019occasion d\u2019une c\u00e9l\u00e9bration sur le terrain du Hangar Y, mettant en avant les futurs projets qui y seront d\u00e9velopp\u00e9s. Pourriez-vous nous indiquer en quoi a consist\u00e9 le r\u00f4le jou\u00e9 par la mairie dans l&#8217;attribution d&#8217;un bail emphyt\u00e9otique administratif d&#8217;une dur\u00e9e de 35 ans portant sur 4900 m\u00e8tres carr\u00e9 et 10 hectares \u00e0 la soci\u00e9t\u00e9 Hangar Y Immobilier-Hyi ?<\/p>\n<p>Vous aviez indiqu\u00e9 que la mairie y aurait &#8220;activement contribu\u00e9&#8221; et souhaitions mieux comprendre ce r\u00f4le. Pourriez-vous nous indiquer pourquoi il n&#8217;y a pas eu de mise en concurrence ? Pourriez-vous nous confirmer que les Meudonnais n&#8217;auront pas acc\u00e8s au parc et \u00e0 l&#8217;\u00e9tang les week-end et si des d\u00e9marches seront faites pour que ce soit le cas ? \u00bb<\/p>\n<p>&nbsp;<\/p>\n<p><strong>QUESTION ORALE n\u00b02<\/strong><\/p>\n<p>L\u2019abstention aux derni\u00e8res \u00e9lections nous l&#8217;ont prouv\u00e9, il est urgent de trouver des mani\u00e8res de vivifier la d\u00e9mocratie locale et en particulier vers les populations jeunes. Au-del\u00e0, la p\u00e9riode sanitaire n&#8217;est pas propice \u00e0 rassembler beaucoup de monde dans des lieux ferm\u00e9s. Pourriez-vous dans ce cadre nous indiquer s&#8217;il est envisag\u00e9 de diffuser le conseil municipal sur internet et si oui \u00e0 quelle \u00e9ch\u00e9ance ? \u00bb<\/p>\n<p>&nbsp;<\/p>\n<p><strong>QUESTION ORALE N\u00b03<\/strong><\/p>\n<p>Nous avons appris qu\u2019une bo\u00eete \u00e0 livres, install\u00e9e par une habitante Avenue du Bois avait \u00e9t\u00e9 retir\u00e9e en d\u00e9but de semaine par les services de GPSO. Cette bo\u00eete \u00e0 livre aurait fait l\u2019objet d\u2019une demande pr\u00e9alable d\u2019installation par la-dite habitante aupr\u00e8s des services techniques de la mairie, demande laiss\u00e9e depuis deux mois sans r\u00e9ponses, ce qui a conduit GPSO a demand\u00e9 le retrait de cette bo\u00eete au regard de la loi sur le d\u00e9p\u00f4t sauvage.<\/p>\n<p>L\u2019usage des bo\u00eetes \u00e0 livre est pourtant quelque chose de r\u00e9pandu dans toute la France, que celles-ci soient install\u00e9es par les riverains ou par les communes. Elles r\u00e9pondent \u00e0 une v\u00e9ritable demande d\u2019\u00e9change, de solidarit\u00e9 et de vie de quartier de la part des habitants en plus de faciliter l\u2019acc\u00e8s \u00e0 une culture parfois ch\u00e8re \u00e0 acqu\u00e9rir. Pourriez-vous nous indiquer pourquoi la demande de cette habitante est rest\u00e9e sans r\u00e9ponse ? Pourriez-vous nous expliquer ce qui a motiv\u00e9 le retrait de cette bo\u00eete \u00e0 livres ? Enfin, la Ville de Meudon envisage-t-elle d\u2019installer des bo\u00eetes \u00e0 livres sur son territoire pour r\u00e9pondre \u00e0 cette demande ? \u00bb<\/p>\n<p>&nbsp;<\/p>\n<p>&nbsp;<\/p>\n","protected":false},"excerpt":{"rendered":"<p>Questions orales pos\u00e9es par les \u00e9lus de Meudon \u00e9cologie citoyenne lors du Conseil Municipal du 30 Juin 2021. QUESTION ORALE n\u00b01 Le 21 juin dernier a \u00e9t\u00e9 l\u2019occasion d\u2019une c\u00e9l\u00e9bration sur le terrain du Hangar Y, mettant en avant les futurs projets qui y seront d\u00e9velopp\u00e9s. Pourriez-vous nous indiquer en [&hellip;]<\/p>\n","protected":false},"author":1,"featured_media":1066,"comment_status":"closed","ping_status":"open","sticky":false,"template":"","format":"standard","meta":{"_themeisle_gutenberg_block_has_review":false,"footnotes":""},"categories":[57],"tags":[120,146,118,119],"class_list":["post-1049","post","type-post","status-publish","format-standard","has-post-thumbnail","hentry","category-conseil-municipal","tag-boite-a-livre","tag-democratie-locale","tag-hangar-y","tag-internet"],"jetpack_featured_media_url":"https:\/\/meudonecologiecitoyenne.fr\/wp-content\/uploads\/2021\/09\/pexels-freestocksorg-64057-scaled-e1632758724457.jpg","_links":{"self":[{"href":"https:\/\/meudonecologiecitoyenne.fr\/index.php?rest_route=\/wp\/v2\/posts\/1049","targetHints":{"allow":["GET"]}}],"collection":[{"href":"https:\/\/meudonecologiecitoyenne.fr\/index.php?rest_route=\/wp\/v2\/posts"}],"about":[{"href":"https:\/\/meudonecologiecitoyenne.fr\/index.php?rest_route=\/wp\/v2\/types\/post"}],"author":[{"embeddable":true,"href":"https:\/\/meudonecologiecitoyenne.fr\/index.php?rest_route=\/wp\/v2\/users\/1"}],"replies":[{"embeddable":true,"href":"https:\/\/meudonecologiecitoyenne.fr\/index.php?rest_route=%2Fwp%2Fv2%2Fcomments&post=1049"}],"version-history":[{"count":5,"href":"https:\/\/meudonecologiecitoyenne.fr\/index.php?rest_route=\/wp\/v2\/posts\/1049\/revisions"}],"predecessor-version":[{"id":1054,"href":"https:\/\/meudonecologiecitoyenne.fr\/index.php?rest_route=\/wp\/v2\/posts\/1049\/revisions\/1054"}],"wp:featuredmedia":[{"embeddable":true,"href":"https:\/\/meudonecologiecitoyenne.fr\/index.php?rest_route=\/wp\/v2\/media\/1066"}],"wp:attachment":[{"href":"https:\/\/meudonecologiecitoyenne.fr\/index.php?rest_route=%2Fwp%2Fv2%2Fmedia&parent=1049"}],"wp:term":[{"taxonomy":"category","embeddable":true,"href":"https:\/\/meudonecologiecitoyenne.fr\/index.php?rest_route=%2Fwp%2Fv2%2Fcategories&post=1049"},{"taxonomy":"post_tag","embeddable":true,"href":"https:\/\/meudonecologiecitoyenne.fr\/index.php?rest_route=%2Fwp%2Fv2%2Ftags&post=1049"}],"curies":[{"name":"wp","href":"https:\/\/api.w.org\/{rel}","templated":true}]}}