{"id":1026,"date":"2021-06-15T18:33:03","date_gmt":"2021-06-15T16:33:03","guid":{"rendered":"https:\/\/meudonecologiecitoyenne.fr\/?p=1026"},"modified":"2021-06-15T18:34:29","modified_gmt":"2021-06-15T16:34:29","slug":"pour-notre-sante-une-zone-a-faible-emission-zfe-exclut-de-meudon-les-vignettes-critair-4-et-5","status":"publish","type":"post","link":"https:\/\/meudonecologiecitoyenne.fr\/?p=1026","title":{"rendered":"Pour notre sant\u00e9,\u00a0une Zone \u00e0 Faible \u00c9mission (ZFE) exclut de Meudon les vignettes crit&#8217;air 4 et 5"},"content":{"rendered":"<p>La tribune de Chloroville pour le num\u00e9ro de juillet 2021.<\/p>\n<p>La pollution de l\u2019air cause 100.000 morts pr\u00e9matur\u00e9es par an en France selon l\u2019universit\u00e9 d\u2019Harvard. Les temps de transport et la pollution sonore donnent envie \u00e0 plus d\u2019un francilien sur deux de quitter l\u2019Ile-de-France. C\u2019est donc au nom de la sant\u00e9 urbaine que nous avons vot\u00e9, avec la majorit\u00e9, le renforcement de la zone \u00e0 faible \u00e9mission, favorisant la circulation des v\u00e9hicules les plus propres gr\u00e2ce aux vignettes Crit\u2019Air. Nous d\u00e9plorons cependant qu\u2019aucune alternative digne de ce nom n\u2019ait \u00e9t\u00e9 mise en place en amont pour \u00e9viter de p\u00e9naliser ceux qui devront remplacer ou se passer de leur v\u00e9hicule.<\/p>\n<p>Des transports en commun plus fr\u00e9quents, plus r\u00e9guliers et avec de plus larges amplitudes horaires\u00a0sont n\u00e9cessaires : l\u2019\u00e9quivalent du bus TIM \u00e0 Issy et Boulogne est gratuit, fr\u00e9quent et couvre toute la ville. Les d\u00e9buts de l\u2019autopartage enfin vot\u00e9 par GPSO sont encore bien trop timides. Les pistes cyclables s\u00e9curis\u00e9es sont quant \u00e0 elles inexistantes ou empi\u00e8tent sur les trottoirs. Il faut \u00e9galement cesser la concentration de bureaux dans l\u2019ouest parisien qui entraine une migration pendulaire entre zone d\u2019activit\u00e9 et zone d\u2019habitation. Le soutien du Maire de Meudon \u00e0 la construction de tours de bureaux sur l\u2019Ile Seguin montre que les vieux r\u00e9flexes perdurent.<\/p>\n<p>Pour le climat comme pour notre sant\u00e9, la zone \u00e0 faible \u00e9mission ne peut \u00eatre qu\u2019un premier pas. Il est temps de mettre en \u0153uvre une politique globale et r\u00e9fl\u00e9chie pour enfin sortir du tout voiture qui nous m\u00e8ne droit dans le mur.<\/p>\n<p>Renaud Dubois, Bouchra Touba, Louis de Costil, Gabrielle Lapr\u00e9vote<br \/>\nPour la liste Meudon \u00e9cologie Citoyenne<\/p>\n","protected":false},"excerpt":{"rendered":"<p>La tribune de Chloroville pour le num\u00e9ro de juillet 2021. La pollution de l\u2019air cause 100.000 morts pr\u00e9matur\u00e9es par an en France selon l\u2019universit\u00e9 d\u2019Harvard. Les temps de transport et la pollution sonore donnent envie \u00e0 plus d\u2019un francilien sur deux de quitter l\u2019Ile-de-France. C\u2019est donc au nom de la [&hellip;]<\/p>\n","protected":false},"author":1,"featured_media":1028,"comment_status":"closed","ping_status":"open","sticky":false,"template":"","format":"standard","meta":{"_themeisle_gutenberg_block_has_review":false,"footnotes":""},"categories":[23],"tags":[53,29,105,54,106,107],"class_list":["post-1026","post","type-post","status-publish","format-standard","has-post-thumbnail","hentry","category-communiques","tag-chloroville","tag-meudon","tag-pollution","tag-tribune","tag-zfe","tag-zone-a-faible-emission"],"jetpack_featured_media_url":"https:\/\/meudonecologiecitoyenne.fr\/wp-content\/uploads\/2021\/06\/MjAxODAyODViMDU5NDQ3YTQzNWQ1Y2Y5NDViZDdjMzc1ZDNlNDI.jpg","_links":{"self":[{"href":"https:\/\/meudonecologiecitoyenne.fr\/index.php?rest_route=\/wp\/v2\/posts\/1026","targetHints":{"allow":["GET"]}}],"collection":[{"href":"https:\/\/meudonecologiecitoyenne.fr\/index.php?rest_route=\/wp\/v2\/posts"}],"about":[{"href":"https:\/\/meudonecologiecitoyenne.fr\/index.php?rest_route=\/wp\/v2\/types\/post"}],"author":[{"embeddable":true,"href":"https:\/\/meudonecologiecitoyenne.fr\/index.php?rest_route=\/wp\/v2\/users\/1"}],"replies":[{"embeddable":true,"href":"https:\/\/meudonecologiecitoyenne.fr\/index.php?rest_route=%2Fwp%2Fv2%2Fcomments&post=1026"}],"version-history":[{"count":2,"href":"https:\/\/meudonecologiecitoyenne.fr\/index.php?rest_route=\/wp\/v2\/posts\/1026\/revisions"}],"predecessor-version":[{"id":1029,"href":"https:\/\/meudonecologiecitoyenne.fr\/index.php?rest_route=\/wp\/v2\/posts\/1026\/revisions\/1029"}],"wp:featuredmedia":[{"embeddable":true,"href":"https:\/\/meudonecologiecitoyenne.fr\/index.php?rest_route=\/wp\/v2\/media\/1028"}],"wp:attachment":[{"href":"https:\/\/meudonecologiecitoyenne.fr\/index.php?rest_route=%2Fwp%2Fv2%2Fmedia&parent=1026"}],"wp:term":[{"taxonomy":"category","embeddable":true,"href":"https:\/\/meudonecologiecitoyenne.fr\/index.php?rest_route=%2Fwp%2Fv2%2Fcategories&post=1026"},{"taxonomy":"post_tag","embeddable":true,"href":"https:\/\/meudonecologiecitoyenne.fr\/index.php?rest_route=%2Fwp%2Fv2%2Ftags&post=1026"}],"curies":[{"name":"wp","href":"https:\/\/api.w.org\/{rel}","templated":true}]}}