{"id":1009,"date":"2021-03-23T21:13:09","date_gmt":"2021-03-23T20:13:09","guid":{"rendered":"https:\/\/meudonecologiecitoyenne.fr\/?p=1009"},"modified":"2022-05-07T11:02:46","modified_gmt":"2022-05-07T09:02:46","slug":"voeu-contre-la-betonisation-de-meudon-conseil-municipal-du-25-mars-2021","status":"publish","type":"post","link":"https:\/\/meudonecologiecitoyenne.fr\/?p=1009","title":{"rendered":"V\u0153u contre la b\u00e9tonisation de Meudon &#8211; conseil municipal du 25 mars 2021"},"content":{"rendered":"<p><em>V\u0153u contre la b\u00e9tonisation de Meudon &#8211; conseil municipal du 25 mars 2021<\/em><\/p>\n<p>Monsieur le Maire,<\/p>\n<p>Dans votre programme, vous expliquiez vouloir\u00a0 \u201cadapter la ville au changements climatiques\u201d et nous y souscrivons. Vous indiquez aussi vouloir obtenir le classement de Meudon au patrimoine mondial de l\u2019humanit\u00e9, ce qui appara\u00eet comme particuli\u00e8rement ambitieux voire irr\u00e9aliste.<\/p>\n<p>D\u00e8s lors, comment expliquez-vous votre laxisme concernant l\u2019artificialisation des sols et les atteintes au patrimoine meudonnais. Cela se traduit par la d\u00e9livrance de nombreux permis de construire et le lotissement ou la construction de nombreux jardins y compris \u00e0 proximit\u00e9 de b\u00e2timents et arbres remarquables.<\/p>\n<p>C\u2019est notamment le cas de la villa du Second Empire qui a fait l\u2019objet de nombreux articles de presse (<em>Tribune de l\u2019art<\/em>, <em>Actu92<\/em>, <em>Patrimoine architecture et jardin<\/em>, <em>Le Parisien<\/em> et <em>Les \u00e9chos<\/em>). Un projet immobilier au niveau de la rue de la R\u00e9publique menace un arbre remarquable que plusieurs experts de trois associations diff\u00e9rentes (dont le GNSA et ARBRES) ont jug\u00e9 sain. Nous avons \u00e9galement remarqu\u00e9, tout r\u00e9cemment, l\u2019abatage de 95% des arbres (soit une trentaine d\u2019individus) en bordure du futur \u00e9co-quartier de Meudon-la-For\u00eat.<\/p>\n<p>Se d\u00e9clarer contre l\u2019artificialisation des sols, pour les arbres ou pour le patrimoine ne suffit pas. Il faut des actes. Par ce v\u0153u, nous demandons une pause dans la mise en \u0153uvre de ces projets. Nous vous rappelons que le code de l\u2019urbanisme, cit\u00e9 par le PLU pr\u00e9voit que \u201c<em>le permis de construire peut \u00eatre refus\u00e9 ou n\u2019\u00eatre accord\u00e9 que sous r\u00e9serve de l\u2019observation de prescriptions sp\u00e9ciales si les constructions, par leur situation, leur architecture, leurs dimensions ou l\u2019aspect ext\u00e9rieur des b\u00e2timents ou ouvrages \u00e0 \u00e9difier, sont de nature \u00e0 porter atteinte au caract\u00e8re ou \u00e0 l\u2019int\u00e9r\u00eat des lieux avoisinants, aux sites, aux paysages naturels ou urbains ainsi qu\u2019\u00e0 la conservation des perspectives monumentales<\/em>\u201d.<\/p>\n<p>Il faut, en outre, aller bien plus loin dans la refonte du P.L.U. de mani\u00e8re \u00e0 pr\u00e9parer Meudon face au d\u00e9r\u00e8glement climatique, \u00e0 pr\u00e9server la sant\u00e9 environnementale et le patrimoine de nos concitoyen\u00b7ne\u00b7s, d\u2019aujourd\u2019hui et de demain, et sortir de la logique de l\u2019affichage.<\/p>\n<p>Nous demandons \u00e9galement \u00e0 ce que le P.L.U. ne soit pas modifi\u00e9 d\u00e8s qu\u2019il g\u00eane un projet immobilier comme cela s&#8217;est pass\u00e9 pour l\u2019\u201d\u00e9co\u201d-quartier de Meudon-la-For\u00eat o\u00f9 les hauteurs ont \u00e9t\u00e9 revues \u00e0 la hausse malgr\u00e9 des annonces publiques de R+5 ou encore pour le projet de rue de la R\u00e9publique.<\/p>\n<p>Pour celles et ceux de nos coll\u00e8gues qui n\u2019auraient pas connaissance du contexte, je tiens \u00e0 revenir sur l\u2019am\u00e9nagement pr\u00e9vu entre le 11 et le 15 rue de la r\u00e9publique : le c\u00e8dre en question est situ\u00e9 sur un terrain appartenant \u00e0 la Ville. Il est donc pleinement patrimonial et la mairie est responsable de sa sant\u00e9.<\/p>\n<p>Cet arbre remarquable de quasiment 300 ans (37m de hauteur, 22m d\u2019envergure et un tronc de 4,81m) est situ\u00e9 en plein centre-ville et apporte ses bienfaits aux riverain\u00b7e\u00b7s et aux nombreux enfants de l&#8217;\u00e9cole, en absorbant CO2 et autres particules. La Ville le d\u00e9clare dangereux car elle ignore que des techniques de s\u00e9curisation (haubanage) existent.<\/p>\n<p>Si le projet de construction doit r\u00e9server un espace de 6 m\u00e8tres autour de l&#8217;arbre, nous craignons fort que cela soit insuffisant pour le prot\u00e9ger. De plus, la r\u00e9alisation de tranch\u00e9es risquerait de casser ses racines. Par ce v\u0153u, nous demandons \u00e0 la Ville de faire classer le c\u00e8dre en tant qu\u2019arbre remarquable de la r\u00e9gion Ile-de-France. Et nous demandons que la maison de la fin du XVIIIe si\u00e8cle (maison Tirouflet) soit inscrite dans le P.L.U. A propos de cet \u00eelot remarquable, nous regrettons qu\u2019un classement par \u00eelot et par quartier ne figure pas dans le P.L.U.<\/p>\n<p>Au sujet de la villa Schacher. Nous parlons ici d\u2019une demeure exceptionnelle de 1860, situ\u00e9e dans un grand parc, en plein c\u0153ur d\u2019un site class\u00e9.\u00a0 Si la demeure n\u2019est pas directement menac\u00e9e, elle l\u2019est indirectement par la proximit\u00e9 des constructions envisag\u00e9es, qui sont non seulement trop volumineuses mais \u00e9galement architecturalement m\u00e9diocres, ainsi que l\u2019a relev\u00e9 l\u2019architecte des b\u00e2timents de France. Ces maisons enlaidiront la propri\u00e9t\u00e9 et la d\u00e9naturerons. Nous sommes \u00e9galement inquiets pour les trois arbres remarquables de son grand parc, car la distance entre ces derniers et les constructions sont tr\u00e8s faibles au regard notamment de la taille de ces arbres. Aucune \u00e9tude n\u2019a \u00e9t\u00e9 faite pour v\u00e9rifier que les arbres supporteront bien les travaux. Cette propri\u00e9t\u00e9, c\u00e9l\u00e9br\u00e9e r\u00e9cemment dans diverses publications, m\u00e9rite sans doute mieux que de finir dans l\u2019escarcelle d\u2019un promoteur. Suite \u00e0 la forte mobilisation autour de ce haut-lieu artistique et historique, ne pourrions-nous pas r\u00e9fl\u00e9chir ensemble \u00e0 un projet alternatif ?<\/p>\n<p>Quant \u00e0 l\u2019abatage des arbres au niveau de l\u2019\u201d\u00e9co\u201d-quartier de Meudon la Foret, une trentaine d\u2019arbres en toute bordure de parcelles, ont \u00e9t\u00e9 abattus alors que leurs troncs \u00e9taient larges d\u2019environ 60 centim\u00e8tres et apportaient fra\u00eecheur et ombre, en \u00e9t\u00e9, aux pi\u00e9ton\u00b7ne\u00b7s.<\/p>\n<p>Pourtant, des solutions de compromis existent et vous ont \u00e9t\u00e9 propos\u00e9es par diff\u00e9rents collectifs et associations. Ces solutions proposent un \u00e9quilibre entre les droits des propri\u00e9taires, le besoin de logement et l\u2019int\u00e9r\u00eat g\u00e9n\u00e9ral attach\u00e9 \u00e0 la protection de l\u2019environnement et du patrimoine.<\/p>\n","protected":false},"excerpt":{"rendered":"<p>V\u0153u contre la b\u00e9tonisation de Meudon &#8211; conseil municipal du 25 mars 2021 Monsieur le Maire, Dans votre programme, vous expliquiez vouloir\u00a0 \u201cadapter la ville au changements climatiques\u201d et nous y souscrivons. Vous indiquez aussi vouloir obtenir le classement de Meudon au patrimoine mondial de l\u2019humanit\u00e9, ce qui appara\u00eet comme [&hellip;]<\/p>\n","protected":false},"author":1,"featured_media":1012,"comment_status":"closed","ping_status":"open","sticky":false,"template":"","format":"standard","meta":{"_themeisle_gutenberg_block_has_review":false,"footnotes":""},"categories":[57],"tags":[176,175,92,29,97,94,95,174],"class_list":["post-1009","post","type-post","status-publish","format-standard","has-post-thumbnail","hentry","category-conseil-municipal","tag-arbre","tag-artificialisation-des-sols","tag-betonisation","tag-meudon","tag-patrimoine","tag-plu","tag-urbanisme","tag-villa-schacher"],"jetpack_featured_media_url":"https:\/\/meudonecologiecitoyenne.fr\/wp-content\/uploads\/2021\/03\/olia-gozha-xvrZV7LBK_s-unsplash-e1635314662144.jpg","_links":{"self":[{"href":"https:\/\/meudonecologiecitoyenne.fr\/index.php?rest_route=\/wp\/v2\/posts\/1009","targetHints":{"allow":["GET"]}}],"collection":[{"href":"https:\/\/meudonecologiecitoyenne.fr\/index.php?rest_route=\/wp\/v2\/posts"}],"about":[{"href":"https:\/\/meudonecologiecitoyenne.fr\/index.php?rest_route=\/wp\/v2\/types\/post"}],"author":[{"embeddable":true,"href":"https:\/\/meudonecologiecitoyenne.fr\/index.php?rest_route=\/wp\/v2\/users\/1"}],"replies":[{"embeddable":true,"href":"https:\/\/meudonecologiecitoyenne.fr\/index.php?rest_route=%2Fwp%2Fv2%2Fcomments&post=1009"}],"version-history":[{"count":1,"href":"https:\/\/meudonecologiecitoyenne.fr\/index.php?rest_route=\/wp\/v2\/posts\/1009\/revisions"}],"predecessor-version":[{"id":1010,"href":"https:\/\/meudonecologiecitoyenne.fr\/index.php?rest_route=\/wp\/v2\/posts\/1009\/revisions\/1010"}],"wp:featuredmedia":[{"embeddable":true,"href":"https:\/\/meudonecologiecitoyenne.fr\/index.php?rest_route=\/wp\/v2\/media\/1012"}],"wp:attachment":[{"href":"https:\/\/meudonecologiecitoyenne.fr\/index.php?rest_route=%2Fwp%2Fv2%2Fmedia&parent=1009"}],"wp:term":[{"taxonomy":"category","embeddable":true,"href":"https:\/\/meudonecologiecitoyenne.fr\/index.php?rest_route=%2Fwp%2Fv2%2Fcategories&post=1009"},{"taxonomy":"post_tag","embeddable":true,"href":"https:\/\/meudonecologiecitoyenne.fr\/index.php?rest_route=%2Fwp%2Fv2%2Ftags&post=1009"}],"curies":[{"name":"wp","href":"https:\/\/api.w.org\/{rel}","templated":true}]}}